{"id":124704,"date":"2020-09-10T08:54:56","date_gmt":"2020-09-10T07:54:56","guid":{"rendered":"http:\/\/www.elche.es\/va\/?p=124704"},"modified":"2020-09-10T08:54:56","modified_gmt":"2020-09-10T07:54:56","slug":"lajuntament-intensifica-la-campanya-fumigacio-contra-els-mosquits-a-les-pedanies","status":"publish","type":"post","link":"https:\/\/www.elche.es\/va\/2020\/09\/lajuntament-intensifica-la-campanya-fumigacio-contra-els-mosquits-a-les-pedanies\/","title":{"rendered":"L&#8217;Ajuntament intensifica la campanya fumigaci\u00f3 contra els mosquits a les pedanies"},"content":{"rendered":"<div class=\"wpb-content-wrapper\"><p>[vc_row][vc_column][vc_column_text]<\/p>\n<hr \/>\n<h4>La Regidoria de Sanitat i l&#8217;empresa CTL centren els seus esfor\u00e7os aquesta setmana en l&#8217;eliminaci\u00f3 de les granges de larves<\/h4>\n<hr \/>\n<p>[\/vc_column_text][\/vc_column][\/vc_row][vc_row][vc_column][vc_column_text]La campanya que duu a terme l&#8217;Ajuntament d&#8217;Elx contra la proliferaci\u00f3 de mosquits al terme municipal es desenvolupar\u00e0 aquesta setmana, entre el 7 i l&#8217;11 de setembre, principalment a les pedanies il\u00b7licitanes, aix\u00ed com als horts del nucli urb\u00e0.<\/p>\n<p>La Regidoria de Sanitat, encarregada de coordinar aquestes accions, aix\u00ed com l&#8217;empresa CTL, concession\u00e0ria del servei, intensificaran les intervencions contra les granges de larves per a tractar de controlar la proliferaci\u00f3 d&#8217;aquests insectes i solament realitzaran intervencions puntuals contra els mosquits adults.<\/p>\n<p>Les \u00faltimes pluges caigudes al terme municipal han posat de manifest la necessitat d&#8217;intensificar els treballs de fumigaci\u00f3 per a evitar l&#8217;augment dels mosquits, en un estiu que \u00e9s especialment complicat per les altes temperatures.<\/p>\n<p>Tant la Regidoria de Sanitat com l&#8217;empresa CTL recorden que les tasques de desinsectaci\u00f3 promogudes per l&#8217;Ajuntament solament poden realitzar-se en els terrenys de domini p\u00fablic, per la qual cosa sol\u00b7liciten la col\u00b7laboraci\u00f3 de totes les persones que tinguen terrenys amb piscines o zones d&#8217;aiguamolls a fi que efectuen treballs de manteniment perqu\u00e8 estiguen sanejades les seues parcel\u00b7les i no faciliten la proliferaci\u00f3 dels mosquits.<\/p>\n<hr \/>\n<p>[\/vc_column_text][\/vc_column][\/vc_row]<\/p>\n<\/div>","protected":false},"excerpt":{"rendered":"<p>[vc_row][vc_column][vc_column_text] La Regidoria de Sanitat i l&#8217;empresa CTL centren els seus esfor\u00e7os aquesta setmana en l&#8217;eliminaci\u00f3 de les granges de larves [\/vc_column_text][\/vc_column][\/vc_row][vc_row][vc_column][vc_column_text]La campanya que duu a terme l&#8217;Ajuntament d&#8217;Elx contra [&hellip;]<\/p>\n","protected":false},"author":15,"featured_media":124692,"comment_status":"closed","ping_status":"closed","sticky":false,"template":"","format":"standard","meta":{"footnotes":""},"categories":[391,1312,2235,893],"tags":[],"class_list":["post-124704","post","type-post","status-publish","format-standard","has-post-thumbnail","hentry","category-home-va","category-noticias-va","category-pedania","category-sanidad-va"],"_links":{"self":[{"href":"https:\/\/www.elche.es\/va\/wp-json\/wp\/v2\/posts\/124704","targetHints":{"allow":["GET"]}}],"collection":[{"href":"https:\/\/www.elche.es\/va\/wp-json\/wp\/v2\/posts"}],"about":[{"href":"https:\/\/www.elche.es\/va\/wp-json\/wp\/v2\/types\/post"}],"author":[{"embeddable":true,"href":"https:\/\/www.elche.es\/va\/wp-json\/wp\/v2\/users\/15"}],"replies":[{"embeddable":true,"href":"https:\/\/www.elche.es\/va\/wp-json\/wp\/v2\/comments?post=124704"}],"version-history":[{"count":0,"href":"https:\/\/www.elche.es\/va\/wp-json\/wp\/v2\/posts\/124704\/revisions"}],"wp:featuredmedia":[{"embeddable":true,"href":"https:\/\/www.elche.es\/va\/wp-json\/wp\/v2\/media\/124692"}],"wp:attachment":[{"href":"https:\/\/www.elche.es\/va\/wp-json\/wp\/v2\/media?parent=124704"}],"wp:term":[{"taxonomy":"category","embeddable":true,"href":"https:\/\/www.elche.es\/va\/wp-json\/wp\/v2\/categories?post=124704"},{"taxonomy":"post_tag","embeddable":true,"href":"https:\/\/www.elche.es\/va\/wp-json\/wp\/v2\/tags?post=124704"}],"curies":[{"name":"wp","href":"https:\/\/api.w.org\/{rel}","templated":true}]}}