{"id":124746,"date":"2020-09-10T13:09:35","date_gmt":"2020-09-10T12:09:35","guid":{"rendered":"http:\/\/www.elche.es\/va\/?p=124746"},"modified":"2020-09-10T13:09:35","modified_gmt":"2020-09-10T12:09:35","slug":"la-biblioteca-pere-ibarra-torna-a-obrir-els-dissabtes-al-mati-des-del-12-de-setembre","status":"publish","type":"post","link":"https:\/\/www.elche.es\/va\/2020\/09\/la-biblioteca-pere-ibarra-torna-a-obrir-els-dissabtes-al-mati-des-del-12-de-setembre\/","title":{"rendered":"La Biblioteca Pere Ibarra torna a obrir els dissabtes al mat\u00ed des del 12 de setembre"},"content":{"rendered":"<p>La Biblioteca Central Pere Ibarra obrir\u00e0 novament els dissabtes al mat\u00ed en el seu horari habitual, de 9.00h a 13.00h, despr\u00e9s d&#8217;haver rom\u00e0s tancada en dissabte des de mitjan mar\u00e7. El pr\u00f2xim 12 de setembre ja es trobar\u00e0 oberta.<\/p>\n<p>Recordem que l&#8217;aforament de la sala de lectura est\u00e0 limitat a un m\u00e0xim de 22 persones, i \u00e9s necessari sol\u00b7licitar n\u00famero de seient en el taulell de pr\u00e9stec.<\/p>\n<p>La Biblioteca Aureli\u00e0 Ibarra, al centre polivalent de Carr\u00fas, continua de moment tancada en dissabtes.<\/p>\n<p>&nbsp;<\/p>\n","protected":false},"excerpt":{"rendered":"<p>La Biblioteca Central Pere Ibarra obrir\u00e0 novament els dissabtes al mat\u00ed en el seu horari habitual, de 9.00h a 13.00h, despr\u00e9s d&#8217;haver rom\u00e0s tancada en dissabte des de mitjan mar\u00e7. [&hellip;]<\/p>\n","protected":false},"author":15,"featured_media":59894,"comment_status":"closed","ping_status":"closed","sticky":false,"template":"","format":"standard","meta":{"footnotes":""},"categories":[181],"tags":[],"class_list":["post-124746","post","type-post","status-publish","format-standard","has-post-thumbnail","hentry","category-biblioteques-va"],"_links":{"self":[{"href":"https:\/\/www.elche.es\/va\/wp-json\/wp\/v2\/posts\/124746","targetHints":{"allow":["GET"]}}],"collection":[{"href":"https:\/\/www.elche.es\/va\/wp-json\/wp\/v2\/posts"}],"about":[{"href":"https:\/\/www.elche.es\/va\/wp-json\/wp\/v2\/types\/post"}],"author":[{"embeddable":true,"href":"https:\/\/www.elche.es\/va\/wp-json\/wp\/v2\/users\/15"}],"replies":[{"embeddable":true,"href":"https:\/\/www.elche.es\/va\/wp-json\/wp\/v2\/comments?post=124746"}],"version-history":[{"count":0,"href":"https:\/\/www.elche.es\/va\/wp-json\/wp\/v2\/posts\/124746\/revisions"}],"wp:featuredmedia":[{"embeddable":true,"href":"https:\/\/www.elche.es\/va\/wp-json\/wp\/v2\/media\/59894"}],"wp:attachment":[{"href":"https:\/\/www.elche.es\/va\/wp-json\/wp\/v2\/media?parent=124746"}],"wp:term":[{"taxonomy":"category","embeddable":true,"href":"https:\/\/www.elche.es\/va\/wp-json\/wp\/v2\/categories?post=124746"},{"taxonomy":"post_tag","embeddable":true,"href":"https:\/\/www.elche.es\/va\/wp-json\/wp\/v2\/tags?post=124746"}],"curies":[{"name":"wp","href":"https:\/\/api.w.org\/{rel}","templated":true}]}}