{"id":126023,"date":"2020-09-28T09:07:28","date_gmt":"2020-09-28T08:07:28","guid":{"rendered":"http:\/\/www.elche.es\/va\/?p=126023"},"modified":"2020-09-28T09:07:28","modified_gmt":"2020-09-28T08:07:28","slug":"la-xxv-mostra-de-teatre-dama-delx-baixa-el-telo-amb-un-duel-dimprovisacions","status":"publish","type":"post","link":"https:\/\/www.elche.es\/va\/2020\/09\/la-xxv-mostra-de-teatre-dama-delx-baixa-el-telo-amb-un-duel-dimprovisacions\/","title":{"rendered":"La XXV Mostra de Teatre Dama d\u2019Elx baixa el tel\u00f3 amb un duel d&#8217;improvisacions"},"content":{"rendered":"<div class=\"wpb-content-wrapper\"><p>[vc_row][vc_column][vc_column_text]<\/p>\n<hr \/>\n<h4>Un centenar de persones repartides en set companyies amateur\u00a0mostraren el seu talent en el Gran Teatre, des del dijous 17 fins al dissabte 26 de setembre, davant d&#8217;un total de 1.600 espectadors<\/h4>\n<hr \/>\n<h4><\/h4>\n<p>[\/vc_column_text][\/vc_column][\/vc_row][vc_row][vc_column][vc_column_text]La <a href=\"https:\/\/www.elche.es\/2020\/09\/la-concejalia-de-cultura-presenta-la-xxv-mostra-de-teatre-dama-delx\/\" target=\"_blank\"><strong>Mostra de Teatre Amateur Dama d\u2019Elx<\/strong><\/a> baix\u00e0 el tel\u00f3 anit<\/p>\n<p><span class=\"hiddenGrammarError\">amb<\/span> un duel d&#8217;improvisacions que va congregar prop de dos-cents espectadors en el Gran Teatre. La XXV edici\u00f3 \u2013marcada pel rigor\u00f3s compliment de les mesures de seguretat sanit\u00e0ries\u2013 ha brillat amb especial intensitat per ser la del centenari del coliseu il\u00b7licit\u00e0 i, sobretot, la del quart de segle d&#8217;un esdeveniment amb suport de les regidories de Cultura i Joventut, i que va n\u00e0ixer en 1996 a iniciativa d&#8217;<span class=\"hiddenSpellError\">Atrote<\/span> Teatre per a m\u00e9s endavant, en el 2000, prendre el relleu <span class=\"hiddenGrammarError\">organitzatiu<\/span> <a href=\"https:\/\/laplataformaelx.wordpress.com\/\" target=\"_blank\"><strong>La Plataforma de Teatre Amateur d&#8217;Elx<\/strong><\/a>,\u00a0<span class=\"hiddenGrammarError\">entitat<\/span> d&#8217;enhorabona en complir dues d\u00e8cades. La responsable de Cultura i Joventut de l&#8217;Ajuntament d&#8217;Elx, Marga <span class=\"hiddenSpellError\">Ant\u00f3n<\/span>, i la directora de la Plataforma, <span class=\"hiddenSpellError\">Consuelo<\/span> P\u00e9rez, van clausurar la Mostra n\u00famero 25 amb les seues intervencions en les quals, a m\u00e9s, van ser reconegudes les organitzacions que encap\u00e7alen per la seua intensa dedicaci\u00f3 a constituir una edici\u00f3 \u201cen un complicat 2020\u201d, segons <span class=\"hiddenSpellError\">Ant\u00f3n<\/span>; especialment per al sector cultural, el fruit del qual, durant el confinament, va ser \u201cel b\u00e0lsam m\u00e9s efica\u00e7 per al dolor de les abs\u00e8ncies\u201d. <span class=\"hiddenSpellError\">Ant\u00f3n<\/span>, que va lamentar les infaustes circumst\u00e0ncies que van obligar a paralitzar la cultura en el municipi, va declarar sentir-se satisfeta \u201cperqu\u00e8 la reobertura del Gran Teatre haja sigut de la m\u00e0 de la Plataforma\u201d, tot agraint a aquesta i a les agrupacions teatrals adherides \u201cl&#8217;enorme esfor\u00e7 per continuar fent una cultura segura i donar-ho tot en la Mostra davant els ulls emocionats de la platea i els seus afectuosos aplaudiments, que s\u00f3n el principal aliment dels artistes vocacionals com vosaltres, compensant les moltes hores d&#8217;assajos\u201d. [\/vc_column_text][\/vc_column][\/vc_row][vc_row][vc_column][vc_gallery type=&#8221;flexslider_slide&#8221; interval=&#8221;5&#8243; images=&#8221;125993,125997,125995,125999,126001,126003,126007&#8243; img_size=&#8221;full&#8221;][\/vc_column][\/vc_row][vc_row][vc_column][vc_column_text]Per part seua, P\u00e9rez va donar les gr\u00e0cies a l&#8217;Ajuntament per \u201capostar i invertir en aquesta XXV Mostra que ha hagut de sortejar, amb ajuda de les companyies participants, prejudicis, desconfiances i pors perqu\u00e8 es duguera a terme\u201d. La directora de la Plataforma, aix\u00ed mateix, continue dient que \u201cles ganes de teatre superen totes les traves\u201d, i que \u201cel potent i abundant teatre amateur il\u00b7licit\u00e0 <span class=\"hiddenGrammarError\">plena<\/span> amb la seua valentia un Gran Teatre que ja forma part de la Mostra i viceversa\u201d. Tamb\u00e9 va expressar que l&#8217;esdeveniment \u00e9s \u201cun servei cultural \u00fanic que acosta el teatre i facilita a qualsevol passar de consumidor a creador\u201d, i animant les companyies al fet que \u201ctornen a confiar en la Mostra per a avan\u00e7ar i aprendre\u201d. Despr\u00e9s de les al\u00b7locucions d&#8217;ambdues, els equips roig i verd, formats per alumnes del Taller d&#8217;Improvisaci\u00f3 de la Plataforma, es van enfrontar en l&#8217;escenari en un espectacle \u00fanic: un duel d&#8217;improvisacions arbitrat (\u2018<span class=\"hiddenSpellError\">Match<\/span> d&#8217;<span class=\"hiddenSpellError\">impro<\/span>\u2019) en el qual l&#8217;audi\u00e8ncia va triar els guanyadors dels diferents reptes a trav\u00e9s de la sonoritat dels seus aplaudiments, amb el resultat d&#8217;una nit magn\u00edfica per a la cultura local en el singular espai esc\u00e8nic que \u00e9s en el teatre abans conegut com a <span class=\"hiddenSpellError\">Kursaal<\/span>. Am\u00e9n del \u2018<span class=\"hiddenSpellError\">Match<\/span> d&#8217;<span class=\"hiddenSpellError\">impro<\/span>\u2019, i de l&#8217;<a href=\"https:\/\/sites.google.com\/view\/exposicionmostra2020\" target=\"_blank\"><strong>exposici\u00f3 virtual que recorre els 25 anys de Mostra a trav\u00e9s de la seua cartelleria<\/strong><\/a>, <strong>un centenar de persones entre actors, directors, t\u00e8cnics o m\u00fasics<\/strong> \u2013repartides en set companyies amateur que igualment foren guardonades per la seua contribuci\u00f3\u2013 <strong>pogueren mostrar el seu talent sobre les taules del Gran Teatre<\/strong>, des del dijous 17 fins a ahir dissabte 26 de setembre, davant un total de<strong> 1.600 assistent<\/strong>s. La xifra de p\u00fablic, inferior a la de l&#8217;any passat per les limitacions d&#8217;aforament conseq\u00fc\u00e8ncia dels protocols anticoronavirus, no va impedir que les obres de la Mostra penjaren el cartell de \u201ccomplet\u201d cada vetlada.[\/vc_column_text][\/vc_column][\/vc_row][vc_row][vc_column][vc_column_text css=&#8221;.vc_custom_1601210081105{margin-top: 25px !important;margin-right: 50px !important;margin-bottom: 25px !important;border-left-width: 2px !important;padding-left: 20px !important;border-left-color: #005893 !important;border-left-style: solid !important;}&#8221;]<\/p>\n<h5><span style=\"color: #005893\">Les regidories de Cultura i Joventut i la Plataforma de Teatre Amateur d&#8217;Elx foren reconegudes per la seua intensa dedicaci\u00f3 en constituir l&#8217;esdeveniment en un any marcat per la pand\u00e8mia<\/span><\/h5>\n<p>[\/vc_column_text][\/vc_column][\/vc_row][vc_row][vc_column][vc_column_text]Una vegada concloses les funcions, l&#8217;\u00faltim acte fora dels focus es realitzar\u00e0 el dissabte 3 i el diumenge 4 d&#8217;octubre, en el <a href=\"https:\/\/www.elche.es\/cultura\/lescorxador-ccc\/\" target=\"_blank\"><strong>CCCE L\u2019Escorxador<\/strong><\/a>, en forma de <strong>Taller de Producci\u00f3 Teatral i Recursos<\/strong>, impartit per <strong>Carlos Maci\u00e1<\/strong> i les places del qual de seguida s&#8217;esgotaren. <strong>\u201cEl teatre va n\u00e0ixer de la necessitat de l&#8217;\u00e9sser hum\u00e0 de comunicar-se amb els seus semblants\u201d<\/strong>, va asseverar l&#8217;edil abans de despedir la XXV Mostra. \u201cHui dia, malgrat la seua condici\u00f3 d&#8217;art ef\u00edmer, continua sent un llenguatge universal imprescindible per a comprendre el m\u00f3n, la m\u00e0gia del qual resideix en l&#8217;emoci\u00f3 de l&#8217;instant que s&#8217;esvaeix en la mem\u00f2ria, i que ha sobreviscut als avatars de la hist\u00f2ria i superar\u00e0 aquests temps dif\u00edcils\u201d.<\/p>\n<hr \/>\n<p>[\/vc_column_text][\/vc_column][\/vc_row]<\/p>\n<\/div>","protected":false},"excerpt":{"rendered":"<p>[vc_row][vc_column][vc_column_text] Un centenar de persones repartides en set companyies amateur\u00a0mostraren el seu talent en el Gran Teatre, des del dijous 17 fins al dissabte 26 de setembre, davant d&#8217;un total [&hellip;]<\/p>\n","protected":false},"author":15,"featured_media":126006,"comment_status":"closed","ping_status":"closed","sticky":false,"template":"","format":"standard","meta":{"footnotes":""},"categories":[193,391,1312],"tags":[],"class_list":["post-126023","post","type-post","status-publish","format-standard","has-post-thumbnail","hentry","category-cultura-va","category-home-va","category-noticias-va"],"_links":{"self":[{"href":"https:\/\/www.elche.es\/va\/wp-json\/wp\/v2\/posts\/126023","targetHints":{"allow":["GET"]}}],"collection":[{"href":"https:\/\/www.elche.es\/va\/wp-json\/wp\/v2\/posts"}],"about":[{"href":"https:\/\/www.elche.es\/va\/wp-json\/wp\/v2\/types\/post"}],"author":[{"embeddable":true,"href":"https:\/\/www.elche.es\/va\/wp-json\/wp\/v2\/users\/15"}],"replies":[{"embeddable":true,"href":"https:\/\/www.elche.es\/va\/wp-json\/wp\/v2\/comments?post=126023"}],"version-history":[{"count":0,"href":"https:\/\/www.elche.es\/va\/wp-json\/wp\/v2\/posts\/126023\/revisions"}],"wp:featuredmedia":[{"embeddable":true,"href":"https:\/\/www.elche.es\/va\/wp-json\/wp\/v2\/media\/126006"}],"wp:attachment":[{"href":"https:\/\/www.elche.es\/va\/wp-json\/wp\/v2\/media?parent=126023"}],"wp:term":[{"taxonomy":"category","embeddable":true,"href":"https:\/\/www.elche.es\/va\/wp-json\/wp\/v2\/categories?post=126023"},{"taxonomy":"post_tag","embeddable":true,"href":"https:\/\/www.elche.es\/va\/wp-json\/wp\/v2\/tags?post=126023"}],"curies":[{"name":"wp","href":"https:\/\/api.w.org\/{rel}","templated":true}]}}