{"id":126046,"date":"2020-09-28T10:00:56","date_gmt":"2020-09-28T09:00:56","guid":{"rendered":"http:\/\/www.elche.es\/va\/?p=126046"},"modified":"2020-09-28T10:00:56","modified_gmt":"2020-09-28T09:00:56","slug":"lajuntament-delx-substituira-600-fanals-de-formigo-en-mal-estat-per-altres-nous-de-ferro-colat-a-mes-duna-vintena-de-places-publiques","status":"publish","type":"post","link":"https:\/\/www.elche.es\/va\/2020\/09\/lajuntament-delx-substituira-600-fanals-de-formigo-en-mal-estat-per-altres-nous-de-ferro-colat-a-mes-duna-vintena-de-places-publiques\/","title":{"rendered":"L&#8217;Ajuntament d&#8217;Elx substituir\u00e0 600 fanals de formig\u00f3 en mal estat per altres nous de ferro colat a m\u00e9s d&#8217;una vintena de places p\u00fabliques"},"content":{"rendered":"<div class=\"wpb-content-wrapper\"><p>[vc_row][vc_column][vc_column_text]<\/p>\n<hr \/>\n<h4>El portaveu de l&#8217;Equip de Govern, H\u00e9ctor D\u00edez, assenyala que \u201caquesta actuaci\u00f3, que \u00e9s la primera fase , compta amb una inversi\u00f3 de 953.000 euros, el termini d&#8217;execuci\u00f3 \u00e9s de sis mesos i es completar\u00e0 amb llumin\u00e0ries led\u201d<\/h4>\n<hr \/>\n<h4><\/h4>\n<p>[\/vc_column_text][\/vc_column][\/vc_row][vc_row][vc_column][vc_column_text]La Junta de Govern Local ha adjudicat el contracte de subministrament de columnes d&#8217;enllumenat al terme municipal d&#8217;Elx. En aquesta actuaci\u00f3 s&#8217;invertiran 953.000 euros amb un termini d&#8217;execuci\u00f3 de sis mesos, i consisteix en la renovaci\u00f3 de 600 fanals que estan deteriorats i tenen un funcionament defectu\u00f3s en m\u00e9s d&#8217;una vintena de places p\u00fabliques. \u201cEs respectar\u00e0 el mateix model que a Elx es ve implantant des del segle XX en llocs tan emblem\u00e0tics com la pla\u00e7a de Baix, la pla\u00e7a de les Flors o el passeig de Germanies. No obstant aix\u00f2, se substituiran les que s\u00f3n de formig\u00f3 per ferro colat ja que amb el pas del temps s&#8217;han desgastat i estan en molt males condicions\u201d, ha destacat D\u00edez.<\/p>\n<p>Segons ha explicat el portaveu \u201caquesta \u00e9s la primera fase del contracte i es completar\u00e0 l&#8217;any 2021 amb els fons Edusi amb una segona fase en la qual s&#8217;apostar\u00e0 per l&#8217;efici\u00e8ncia energ\u00e8tica amb la substituci\u00f3 de l&#8217;enllumenat per llumin\u00e0ries led\u201d.<\/p>\n<h5>Ampliaci\u00f3 de xarxa la distribuci\u00f3 d&#8217;aigua potable\u00a0a\u00a0l&#8217;AVE<\/h5>\n<p>Dins de l&#8217;\u00e0rea d&#8217;Urbanisme, la Junta tamb\u00e9 ha aprovat el contracte de formalitzaci\u00f3 i lliurament de les instal\u00b7lacions de subministrament d&#8217;aigua potable a la nova estaci\u00f3 d&#8217;Alta Velocitat d&#8217;Elx, aix\u00ed com la concessi\u00f3 administrativa corresponent al s\u00f2l sobre el qual s&#8217;assente aquesta estaci\u00f3. \u201cEl s\u00f2l on est\u00e0 situada la terminal \u00e9s domini p\u00fablic ferroviari i, per tant, s&#8217;atorga la concessi\u00f3 administrativa del s\u00f2l a l&#8217;Ajuntament per a poder fer el treball de manteniment de servei d&#8217;aigua potable\u201d, ha explicat D\u00edez.<\/p>\n<h5>Contractaci\u00f3<\/h5>\n<p>D&#8217;altra banda, l&#8217;Equip de Govern Local ha aprovat la contractaci\u00f3 del subministrament de bol\u00b7lards de la via p\u00fablica per valor de 10.000 euros anuals amb un contracte de tres anys. Tamb\u00e9 s&#8217;ha aprovat el contracte de subministrament de xarxa i migraci\u00f3 de la xarxa actual a una infraestructura Campus\u00a0Software Define Network per valor de 232.840 euros. Aquest \u00faltim, emmarcat dins de les actuacions desenvolupades amb fons de les Inversions Financerament Sostenibles (IFS) i amb els Edusi, permetr\u00e0 que l&#8217;actual xarxa que utilitza l&#8217;Ajuntament passe a un sistema m\u00e9s modern i innovador amb el qual es redu\u00efsca l&#8217;\u00fas del paper i es potencie el mitj\u00e0 electr\u00f2nic.<\/p>\n<hr \/>\n<p>[\/vc_column_text][\/vc_column][\/vc_row]<\/p>\n<\/div>","protected":false},"excerpt":{"rendered":"<p>[vc_row][vc_column][vc_column_text] El portaveu de l&#8217;Equip de Govern, H\u00e9ctor D\u00edez, assenyala que \u201caquesta actuaci\u00f3, que \u00e9s la primera fase , compta amb una inversi\u00f3 de 953.000 euros, el termini d&#8217;execuci\u00f3 \u00e9s [&hellip;]<\/p>\n","protected":false},"author":15,"featured_media":125906,"comment_status":"closed","ping_status":"closed","sticky":false,"template":"","format":"standard","meta":{"footnotes":""},"categories":[654,391,1312],"tags":[],"class_list":["post-126046","post","type-post","status-publish","format-standard","has-post-thumbnail","hentry","category-edusi-va","category-home-va","category-noticias-va"],"_links":{"self":[{"href":"https:\/\/www.elche.es\/va\/wp-json\/wp\/v2\/posts\/126046","targetHints":{"allow":["GET"]}}],"collection":[{"href":"https:\/\/www.elche.es\/va\/wp-json\/wp\/v2\/posts"}],"about":[{"href":"https:\/\/www.elche.es\/va\/wp-json\/wp\/v2\/types\/post"}],"author":[{"embeddable":true,"href":"https:\/\/www.elche.es\/va\/wp-json\/wp\/v2\/users\/15"}],"replies":[{"embeddable":true,"href":"https:\/\/www.elche.es\/va\/wp-json\/wp\/v2\/comments?post=126046"}],"version-history":[{"count":0,"href":"https:\/\/www.elche.es\/va\/wp-json\/wp\/v2\/posts\/126046\/revisions"}],"wp:featuredmedia":[{"embeddable":true,"href":"https:\/\/www.elche.es\/va\/wp-json\/wp\/v2\/media\/125906"}],"wp:attachment":[{"href":"https:\/\/www.elche.es\/va\/wp-json\/wp\/v2\/media?parent=126046"}],"wp:term":[{"taxonomy":"category","embeddable":true,"href":"https:\/\/www.elche.es\/va\/wp-json\/wp\/v2\/categories?post=126046"},{"taxonomy":"post_tag","embeddable":true,"href":"https:\/\/www.elche.es\/va\/wp-json\/wp\/v2\/tags?post=126046"}],"curies":[{"name":"wp","href":"https:\/\/api.w.org\/{rel}","templated":true}]}}