{"id":127938,"date":"2020-10-21T11:04:53","date_gmt":"2020-10-21T10:04:53","guid":{"rendered":"http:\/\/www.elche.es\/va\/?p=127938"},"modified":"2020-10-21T11:04:53","modified_gmt":"2020-10-21T10:04:53","slug":"ajuda-de-la-diputacio-dalacant-per-a-la-realitzacio-dactivitats-de-teatre-i-teatre-infantil-en-valencia-en-barris-i-pedanies","status":"publish","type":"post","link":"https:\/\/www.elche.es\/va\/2020\/10\/ajuda-de-la-diputacio-dalacant-per-a-la-realitzacio-dactivitats-de-teatre-i-teatre-infantil-en-valencia-en-barris-i-pedanies\/","title":{"rendered":"Ajuda de la Diputaci\u00f3 d&#8217;Alacant per a la realitzaci\u00f3 d&#8217;activitats de teatre i teatre infantil en valenci\u00e0 en barris i pedanies"},"content":{"rendered":"<div class=\"wpb-content-wrapper\"><p>[vc_row][vc_column][vc_column_text]<\/p>\n<p style=\"text-align: justify\"><b>&#8220;Concessi\u00f3 ajuda de la Diputaci\u00f3 d&#8217;Alacant per a la realitzaci\u00f3 d&#8217;activitats de teatre i teatre infantil en valenci\u00e0 en barris i pedanies&#8221;<\/b><\/p>\n<p style=\"text-align: justify\">L&#8217;Ajuntament d&#8217;Elx, a trav\u00e9s de la Regidoria de Cultura, ha rebut per part de la Diputaci\u00f3 Provincial d&#8217;Alacant, per acord de data 3 de juny de 2020, una subvenci\u00f3 de sis-cents euros, dins de la convocat\u00f2ria d&#8217;ajudes dirigida a Ajuntaments de la Prov\u00edncia d&#8217;Alacant, per a foment de la llengua i cultura popular valenciana -anualitat 2020-, per a la realitzaci\u00f3 d&#8217;activitats de &#8220;teatre i teatre infantil en valenci\u00e0 en barris i pedanies&#8221;.<\/p>\n<p>[\/vc_column_text][\/vc_column][\/vc_row][vc_row][vc_column][vc_single_image image=&#8221;37241&#8243; alignment=&#8221;center&#8221;][\/vc_column][\/vc_row]<\/p>\n<\/div>","protected":false},"excerpt":{"rendered":"<p>[vc_row][vc_column][vc_column_text] &#8220;Concessi\u00f3 ajuda de la Diputaci\u00f3 d&#8217;Alacant per a la realitzaci\u00f3 d&#8217;activitats de teatre i teatre infantil en valenci\u00e0 en barris i pedanies&#8221; L&#8217;Ajuntament d&#8217;Elx, a trav\u00e9s de la Regidoria [&hellip;]<\/p>\n","protected":false},"author":15,"featured_media":127933,"comment_status":"closed","ping_status":"closed","sticky":false,"template":"","format":"standard","meta":{"footnotes":""},"categories":[193,1341,2235],"tags":[],"class_list":["post-127938","post","type-post","status-publish","format-standard","has-post-thumbnail","hentry","category-cultura-va","category-ocio-y-cultura-va","category-pedania"],"_links":{"self":[{"href":"https:\/\/www.elche.es\/va\/wp-json\/wp\/v2\/posts\/127938","targetHints":{"allow":["GET"]}}],"collection":[{"href":"https:\/\/www.elche.es\/va\/wp-json\/wp\/v2\/posts"}],"about":[{"href":"https:\/\/www.elche.es\/va\/wp-json\/wp\/v2\/types\/post"}],"author":[{"embeddable":true,"href":"https:\/\/www.elche.es\/va\/wp-json\/wp\/v2\/users\/15"}],"replies":[{"embeddable":true,"href":"https:\/\/www.elche.es\/va\/wp-json\/wp\/v2\/comments?post=127938"}],"version-history":[{"count":0,"href":"https:\/\/www.elche.es\/va\/wp-json\/wp\/v2\/posts\/127938\/revisions"}],"wp:featuredmedia":[{"embeddable":true,"href":"https:\/\/www.elche.es\/va\/wp-json\/wp\/v2\/media\/127933"}],"wp:attachment":[{"href":"https:\/\/www.elche.es\/va\/wp-json\/wp\/v2\/media?parent=127938"}],"wp:term":[{"taxonomy":"category","embeddable":true,"href":"https:\/\/www.elche.es\/va\/wp-json\/wp\/v2\/categories?post=127938"},{"taxonomy":"post_tag","embeddable":true,"href":"https:\/\/www.elche.es\/va\/wp-json\/wp\/v2\/tags?post=127938"}],"curies":[{"name":"wp","href":"https:\/\/api.w.org\/{rel}","templated":true}]}}