{"id":129006,"date":"2020-11-04T09:47:58","date_gmt":"2020-11-04T08:47:58","guid":{"rendered":"http:\/\/www.elche.es\/2020\/11\/elx-ampliara-en-5-quilometres-el-carril-bici-amb-proteccio-per-als-ciclistes-i-dues-direccions\/"},"modified":"2020-11-04T09:48:00","modified_gmt":"2020-11-04T08:48:00","slug":"elx-ampliara-en-5-quilometres-el-carril-bici-amb-proteccio-per-als-ciclistes-i-dues-direccions","status":"publish","type":"post","link":"https:\/\/www.elche.es\/va\/2020\/11\/elx-ampliara-en-5-quilometres-el-carril-bici-amb-proteccio-per-als-ciclistes-i-dues-direccions\/","title":{"rendered":"Elx ampliar\u00e0 en 5 quil\u00f2metres el carril bici amb protecci\u00f3 per als ciclistes i dues direccions"},"content":{"rendered":"<div class=\"wpb-content-wrapper\"><p>[vc_row][vc_column][vc_column_text]<\/p>\n<hr \/>\n<h4>La regidora de Mobilitat Urbana, <span class=\"hiddenSpellError\">Esther<\/span> <span class=\"hiddenSpellError\">D\u00edez<\/span>, ha visitat l&#8217;inici de les obres de la nova via provisional al carrer Josep Mar\u00eda <span class=\"hiddenSpellError\">Buck<\/span> que tindr\u00e0 mig <span class=\"hiddenGrammarError\">quil\u00f2metre<\/span><\/h4>\n<hr \/>\n<h4>\u00a0<\/h4>\n<p>[\/vc_column_text][\/vc_column][\/vc_row][vc_row][vc_column][vc_column_text]<\/p>\n<p>Elx ampliar\u00e0 en 5 quil\u00f2metres el carril bici que comptar\u00e0 amb protecci\u00f3 f\u00edsica per als ciclistes davant els vehicles de motor, dues direccions i se sumaran als 23 quil\u00f2metres que ja existeixen en el municipi. La regidora de Mobilitat Urbana, <span class=\"hiddenSpellError\">Esther<\/span> <span class=\"hiddenSpellError\">D\u00edez<\/span>, ha visitat l&#8217;inici de les obres del nou carril provisional que es troba al carrer Josep Mar\u00eda <span class=\"hiddenSpellError\">Buck<\/span> i que t\u00e9 uns 500 metres. L&#8217;edil ha explicat que \u201cles obres ja han comen\u00e7at i en els pr\u00f2xims dies continuaran en Joan Carles I amb un carril similar a aquest i per a 2021 est\u00e0 previst continuar-lo per a connectar el tram amb l&#8217;avinguda d&#8217;Alacant i amb el carrer Diagonal\u201d. A m\u00e9s, <span class=\"hiddenSpellError\">D\u00edez<\/span> ha explicat que el carril bici s&#8217;habilitar\u00e0 a Diagonal i no en l&#8217;avinguda de Novelda perqu\u00e8 en aquesta no hi ha ampl\u00e0ria suficient.<\/p>\n<p>[\/vc_column_text][\/vc_column][\/vc_row][vc_row][vc_column][vc_column_text css=&#8221;.vc_custom_1604388927538{margin-top: 20px !important;margin-right: 50px !important;margin-bottom: 20px !important;border-left-width: 2px !important;padding-left: 20px !important;border-left-color: #005893 !important;border-left-style: solid !important;}&#8221;]<\/p>\n<h5><span style=\"color: #005893\">L<span class=\"hiddenGrammarError\">a<\/span> xarxa ciclista s&#8217;ampliar\u00e0 tamb\u00e9 en els pr\u00f2xims dies amb un nou carril similar en Joan Carles I i en 2021 es connectaran amb el tram de l&#8217;avinguda d&#8217;Alacant i el carrer Diagonal<\/span><\/h5>\n<p>[\/vc_column_text][\/vc_column][\/vc_row][vc_row][vc_column][vc_column_text]<\/p>\n<p>\u201cL&#8217;ampliaci\u00f3 del carril bici a la ciutat suposa una eina clau amb els criteris sostenibles que marca l&#8217;estrat\u00e8gia d&#8217;Elx 2030 per a fer d&#8217;Elx una ciutat verda, sostenible i posar-nos a l&#8217;altura d&#8217;altres ciutats europees que han aconseguit transformar-se tenint barris m\u00e9s amables\u201d, ha assegurat la regidora. <span class=\"hiddenSpellError\">D\u00edez<\/span> ha volgut recalcar que \u201ct\u00e9 el nom de carril bici provisional perqu\u00e8 el vam posar en marxa de manera r\u00e0pida per a garantir un \u00fas segur en el context de la pand\u00e8mia, per\u00f2 reuneix totes les condicions perqu\u00e8 dure molts anys\u201d.<\/p>\n<hr \/>\n<p>[\/vc_column_text][\/vc_column][\/vc_row][vc_row][vc_column][vc_gallery type=&#8221;flexslider_slide&#8221; interval=&#8221;5&#8243; images=&#8221;128827,128825,128831&#8243; img_size=&#8221;full&#8221;][\/vc_column][\/vc_row][vc_row][vc_column width=&#8221;1\/6&#8243;][\/vc_column][vc_column width=&#8221;2\/3&#8243;]<audio class=\"sc_audio\" src=\"https:\/\/soundcloud.com\/ayuntamiento-de-elche\/esther-diez-concejala-de-movilidad-1\" width=\"\" height=\"\"><\/audio>[\/vc_column][vc_column width=&#8221;1\/6&#8243;][\/vc_column][\/vc_row]<\/p>\n<\/div>","protected":false},"excerpt":{"rendered":"<p>[vc_row][vc_column][vc_column_text] La regidora de Mobilitat Urbana, Esther D\u00edez, ha visitat l&#8217;inici de les obres de la nova via provisional al carrer Josep Mar\u00eda Buck que tindr\u00e0 mig quil\u00f2metre \u00a0 [\/vc_column_text][\/vc_column][\/vc_row][vc_row][vc_column][vc_column_text][&hellip;]<\/p>\n","protected":false},"author":131,"featured_media":131325,"comment_status":"closed","ping_status":"closed","sticky":false,"template":"","format":"standard","meta":{"footnotes":""},"categories":[390,391,217,236,1310,1312],"tags":[],"class_list":["post-129006","post","type-post","status-publish","format-standard","has-post-thumbnail","hentry","category-home","category-home-va","category-mobilitat","category-movilidad-2","category-noticias","category-noticias-va"],"_links":{"self":[{"href":"https:\/\/www.elche.es\/va\/wp-json\/wp\/v2\/posts\/129006","targetHints":{"allow":["GET"]}}],"collection":[{"href":"https:\/\/www.elche.es\/va\/wp-json\/wp\/v2\/posts"}],"about":[{"href":"https:\/\/www.elche.es\/va\/wp-json\/wp\/v2\/types\/post"}],"author":[{"embeddable":true,"href":"https:\/\/www.elche.es\/va\/wp-json\/wp\/v2\/users\/131"}],"replies":[{"embeddable":true,"href":"https:\/\/www.elche.es\/va\/wp-json\/wp\/v2\/comments?post=129006"}],"version-history":[{"count":0,"href":"https:\/\/www.elche.es\/va\/wp-json\/wp\/v2\/posts\/129006\/revisions"}],"wp:featuredmedia":[{"embeddable":true,"href":"https:\/\/www.elche.es\/va\/wp-json\/wp\/v2\/media\/131325"}],"wp:attachment":[{"href":"https:\/\/www.elche.es\/va\/wp-json\/wp\/v2\/media?parent=129006"}],"wp:term":[{"taxonomy":"category","embeddable":true,"href":"https:\/\/www.elche.es\/va\/wp-json\/wp\/v2\/categories?post=129006"},{"taxonomy":"post_tag","embeddable":true,"href":"https:\/\/www.elche.es\/va\/wp-json\/wp\/v2\/tags?post=129006"}],"curies":[{"name":"wp","href":"https:\/\/api.w.org\/{rel}","templated":true}]}}