{"id":129471,"date":"2020-11-09T12:04:48","date_gmt":"2020-11-09T11:04:48","guid":{"rendered":"https:\/\/www.elche.es\/2020\/11\/lajuntament-commemora-el-dia-mundial-del-cuidador-amb-la-presentacio-del-llibre-cuidadoras-intradependientes-de-rosario-rives\/"},"modified":"2020-11-09T12:04:50","modified_gmt":"2020-11-09T11:04:50","slug":"lajuntament-commemora-el-dia-mundial-del-cuidador-amb-la-presentacio-del-llibre-cuidadoras-intradependientes-de-rosario-rives","status":"publish","type":"post","link":"https:\/\/www.elche.es\/va\/2020\/11\/lajuntament-commemora-el-dia-mundial-del-cuidador-amb-la-presentacio-del-llibre-cuidadoras-intradependientes-de-rosario-rives\/","title":{"rendered":"L&#8217;Ajuntament commemora el \u2018Dia Mundial del Cuidador\u2019 amb la presentaci\u00f3 del llibre \u2018Cuidadoras Intradependientes\u2019 de Rosario Rives"},"content":{"rendered":"<div class=\"wpb-content-wrapper\"><p>[vc_row][vc_column][vc_column_text]<\/p>\n<hr>\n<h4>L&#8217;acte s&#8217;ha dut a terme al Centre de Congressos Ciutat d\u2019Elx amb aforament per a 30 persones on s&#8217;ha llegit el manifest i ha comptat amb pres\u00e8ncia del Regidor d&#8217;Igualtat, Drets Socials i Pol\u00edtiques Inclusives, Mariano Valera<\/h4>\n<hr>\n<h4><\/h4>\n<p>[\/vc_column_text][\/vc_column][\/vc_row][vc_row][vc_column][vc_column_text]L&#8217;Ajuntament d&#8217;Elx ha commemorat el \u2018Dia Mundial del Cuidador\u2019 amb un acte celebrat ahir en el Centre de Congressos Ciutat d\u2019Elx on ha tingut lloc la lectura del manifest per part de Lupe Arana, de la Plataforma en defensa de la Llei de Depend\u00e8ncia, i <strong>s&#8217;ha presentat el llibre \u2018Cuidadoras Intradependientes\u2019 de Rosario Rives<\/strong>. L&#8217;esdeveniment ha tingut un aforament limitat a 30 persones per a respectar les mesures davant la covid-19.<\/p>\n<p>El regidor d&#8217;Igualtat, Drets Socials i Pol\u00edtiques Inclusives, Mariano Valera, ha assegurat que \u201c<strong>aquest \u00e9s un dia molt important per a treballar en la visibilitzaci\u00f3 de les persones que tenen una labor tan important com \u00e9s la cura de les persones dependents<\/strong>\u201d. L&#8217;edil tamb\u00e9 ha agra\u00eft la pres\u00e8ncia de totes les persones que han assistit i ha desitjat que per a l&#8217;any vinent puga ser un acte m\u00e9s multitudinari.[\/vc_column_text][\/vc_column][\/vc_row][vc_row][vc_column][vc_column_text css=&#8221;.vc_custom_1604669949040{margin-top: 20px !important;margin-right: 50px !important;margin-bottom: 20px !important;border-left-width: 2px !important;padding-left: 20px !important;border-left-color: #005893 !important;border-left-style: solid !important;}&#8221;]<\/p>\n<h5><span style=\"color: #005893\">L&#8217;edil de l&#8217;\u00e0rea ha assegurat que \u2018des de les entitats hem de treballar per a visibilitzar i dignificar les persones que tenen un treball tan important per a la societat\u2019<\/span><\/h5>\n<p>[\/vc_column_text][\/vc_column][\/vc_row][vc_row][vc_column][vc_column_text]\u201c\u00c9s un plaer per a nosaltres la presentaci\u00f3 del llibre de l&#8217;escriptora Rosario Rives perqu\u00e8 aconsegueix plasmar perfectament en primera persona el que es viu quan eres cuidadora\u201d, ha assegurat Valera.<\/p>\n<p>L&#8217;autora ha explicat els detalls del seu primer llibre i els motius que li han portat per a escriure&#8217;l. \u201cSempre he estat llegint molt i quan ho feia sobre temes de cures a persones dependents <strong>mai trobava alguna cosa que reflectira el que de deb\u00f2 passa. Per aix\u00f2, aquest llibre vol recollir l&#8217;ess\u00e8ncia del meu dia a dia<\/strong>, dels problemes i viv\u00e8ncies que ocorren sent cuidadora\u201d, ha explicat l&#8217;escriptora.<\/p>\n<hr>\n<p>&nbsp;[\/vc_column_text][\/vc_column][\/vc_row][vc_row][vc_column width=&#8221;1\/2&#8243;]<audio class=\"sc_audio\" src=\"https:\/\/soundcloud.com\/ayuntamiento-de-elche\/mariano-valera-concejal-de-igualdad-2\" width=\"\" height=\"\"><\/audio>[\/vc_column][vc_column width=&#8221;1\/2&#8243;]<audio class=\"sc_audio\" src=\"https:\/\/soundcloud.com\/ayuntamiento-de-elche\/rosario-vives-escritora-y-cuidadora\" width=\"\" height=\"\"><\/audio>[\/vc_column][\/vc_row]<\/p>\n<\/div>","protected":false},"excerpt":{"rendered":"<p>[vc_row][vc_column][vc_column_text] L&#8217;acte s&#8217;ha dut a terme al Centre de Congressos Ciutat d\u2019Elx amb aforament per a 30 persones on s&#8217;ha llegit el manifest i ha comptat amb pres\u00e8ncia del Regidor [&hellip;]<\/p>\n","protected":false},"author":131,"featured_media":132186,"comment_status":"closed","ping_status":"closed","sticky":false,"template":"","format":"standard","meta":{"footnotes":""},"categories":[159,190,390,198,209,391,1310,1312],"tags":[],"class_list":["post-129471","post","type-post","status-publish","format-standard","has-post-thumbnail","hentry","category-derechos-sociales","category-drets-socials","category-home","category-igualdad","category-igualtat-va","category-home-va","category-noticias","category-noticias-va"],"_links":{"self":[{"href":"https:\/\/www.elche.es\/va\/wp-json\/wp\/v2\/posts\/129471","targetHints":{"allow":["GET"]}}],"collection":[{"href":"https:\/\/www.elche.es\/va\/wp-json\/wp\/v2\/posts"}],"about":[{"href":"https:\/\/www.elche.es\/va\/wp-json\/wp\/v2\/types\/post"}],"author":[{"embeddable":true,"href":"https:\/\/www.elche.es\/va\/wp-json\/wp\/v2\/users\/131"}],"replies":[{"embeddable":true,"href":"https:\/\/www.elche.es\/va\/wp-json\/wp\/v2\/comments?post=129471"}],"version-history":[{"count":0,"href":"https:\/\/www.elche.es\/va\/wp-json\/wp\/v2\/posts\/129471\/revisions"}],"wp:featuredmedia":[{"embeddable":true,"href":"https:\/\/www.elche.es\/va\/wp-json\/wp\/v2\/media\/132186"}],"wp:attachment":[{"href":"https:\/\/www.elche.es\/va\/wp-json\/wp\/v2\/media?parent=129471"}],"wp:term":[{"taxonomy":"category","embeddable":true,"href":"https:\/\/www.elche.es\/va\/wp-json\/wp\/v2\/categories?post=129471"},{"taxonomy":"post_tag","embeddable":true,"href":"https:\/\/www.elche.es\/va\/wp-json\/wp\/v2\/tags?post=129471"}],"curies":[{"name":"wp","href":"https:\/\/api.w.org\/{rel}","templated":true}]}}