{"id":12973,"date":"2017-02-01T10:00:34","date_gmt":"2017-02-01T09:00:34","guid":{"rendered":"http:\/\/www.elche.es\/va\/?p=12973"},"modified":"2022-10-14T09:41:08","modified_gmt":"2022-10-14T08:41:08","slug":"febrero-a-proposito-del-centenario-de-la-revolucion-rusa-de-1917","status":"publish","type":"post","link":"https:\/\/www.elche.es\/va\/2017\/02\/febrero-a-proposito-del-centenario-de-la-revolucion-rusa-de-1917\/","title":{"rendered":"Febrer: &#8220;A prop\u00f2sit del centenari de la Revoluci\u00f3 Russa de 1917&#8221;"},"content":{"rendered":"<div class=\"wpb-content-wrapper\"><p>[vc_row][vc_column][vc_column_text]<\/p>\n<blockquote>\n<p>[\/vc_column_text][\/vc_column][\/vc_row][vc_row][vc_column][vc_column_text]<\/p>\n<blockquote>\n<p style=\"text-align: justify\">En nombroses ocasions hem fet refer\u00e8ncia a la rica col\u00b7lecci\u00f3 de Pere Ibarra denominada <em>Tesoro Hist\u00f3rico<\/em> i tornem a ella una altra volta perqu\u00e8 en 2017 es complixen 100 anys de la revoluci\u00f3 russa.<\/p>\n<\/blockquote>\n<p style=\"text-align: justify\"><a href=\"https:\/\/www.elche.es\/wp-content\/uploads\/2017\/01\/b-350-062P.jpg\"><img loading=\"lazy\" decoding=\"async\" class=\"alignleft size-medium wp-image-12963\" src=\"https:\/\/www.elche.es\/wp-content\/uploads\/2017\/01\/b-350-062P-220x300.jpg\" alt=\"b-350-062p\" width=\"220\" height=\"300\" srcset=\"https:\/\/www.elche.es\/wp-content\/uploads\/2017\/01\/b-350-062P-220x300.jpg 220w, https:\/\/www.elche.es\/wp-content\/uploads\/2017\/01\/b-350-062P-768x1046.jpg 768w, https:\/\/www.elche.es\/wp-content\/uploads\/2017\/01\/b-350-062P-752x1024.jpg 752w\" sizes=\"auto, (max-width: 220px) 100vw, 220px\" \/><\/a>Com a document del mes hem triat un suplement de la publicaci\u00f3n <em>Trabajo<\/em>, datat el 26 de gener de 1919, a Elx, titulat \u00ab<em>A los que se van. Breve despedida<\/em>\u00bb. Per tal com no es conserven documents directes que parlen de l\u2019inici de la revoluci\u00f3, este impr\u00e9s, de data posterior, recull l\u2019esperit del moviment.<\/p>\n<p style=\"text-align: justify\">El <em>Tesoro Hist\u00f3rico<\/em> forma un conjunt de cartells, pamflets, anuncis etc., molts d\u2019ells de car\u00e0cter ef\u00edmer, recollits en una col\u00b7lecci\u00f3 molt rica i singular, especialment en all\u00f2 referit a espectacles, varietats, cine o teatre. Encara que tamb\u00e9 n\u2019hi ha d\u2019anuncis religiosos i d\u2019altres tem\u00e0tiques. \u00e9s el cas de nombrosos suplements o cartells d\u2019inter\u00e9s pol\u00edtic, com el documento del mes febrer de 2017.<\/p>\n<p style=\"text-align: justify\">Este suplement impr\u00e9s transmet un missatge de despedida als membres de la Joventut Socialista que en eixos moments havien d\u2019acudir a fer el servici militar en els quarters de l\u2019ex\u00e8rcit espanyol. Com a conseq\u00fc\u00e8ncia de les dos revolucions ocorregudes a R\u00fassia durant el 1917 -la de febrer i la bolxevic d\u2019octubre-, la ideologia socialista s\u2019estengu\u00e9 amb for\u00e7a per diversos punts de la geografia europea, animats pels successos revolucionaris russos.<\/p>\n<p style=\"text-align: justify\">Per la seua cronologia, este document s\u2019inserix en un context d\u2019agitaci\u00f3 social a Espanya, denominat <em>Trienni Bolxevic<\/em>. Les manifestacions o vagues foren habituals en eixe moment, on els partidaris de les tend\u00e8ncies socialistes es veren motivats, com hem comentat, pels fets que havien ocorregut a R\u00fassia. A m\u00e9s, en el mateix mes que es public\u00e0 este suplement, a Alemanya havia ocorregut el denominat \u00ab<em>Al\u00e7ament Espartaquista<\/em>\u00bb (entre el 5 i el 12 de gener), tamb\u00e9 de car\u00e0cter obrer. Amb aix\u00f2, es plantejava un panorama esperan\u00e7ador per als components dels grups socialistes. En el suplement es fa al\u00b7lusi\u00f3 directa als dos successos comentats, fent-ne menci\u00f3 amb l\u2019afirmaci\u00f3 \u00ab<em>Ja sabeu que a R\u00fassia i a Alemanya triomf\u00e0 la revoluci\u00f3<\/em>\u00bb.<\/p>\n<p style=\"text-align: justify\">Davant de la tensa situaci\u00f3 viscuda a l\u2019Espanya d\u2019eixos moments, s\u2019incita els \u00abj\u00f3vens proletaris\u00bb a no oblidar el seus ideals encara que formen part de les seccions armades de l\u2019Estat. S\u2019emfatitza la import\u00e0ncia del paper dels soldats en esta tessitura quan s\u2019afirma que \u00abA tal fi cal que el soldat espanyol canvie de rumb i que es negue a disparar contra els treballadors, si estan en vaga, i unint-se a ells, passar-se a la revoluci\u00f3\u00bb. Es fa una apel\u00b7laci\u00f3 directa a la responsabilitat del moment. Anima els soldats, pertanyents a la quinta del 18, que facen igual que en altres pa\u00efsos on ha guanyat la revoluci\u00f3 gr\u00e0cies a la uni\u00f3 de soldats i obrers, ja que \u00abEspanya no pot ni ha de lliurar-se del moviment revolucionari que abate tots tirans i implante la dictadura prolet\u00e0ria que organitze r\u00e0pidament la Rep\u00fablica Social\u00bb.<\/p>\n<p style=\"text-align: justify\">El firmant del missatge \u00e9s Jos\u00e9 Calleja, que es referix a si mateix com \u00ab<em>este<\/em> <em>bolcheviki<\/em>\u00bb, clara her\u00e8ncia del bolxevisme rus. Calleja fon delegat del Sindicat Obrer de Miners d\u2019Ast\u00faries i un important propagandista socialista. Este article fon publicat originalment en la publicaci\u00f3 <em>Nuestra Palabra<\/em>. Quan s\u2019imprim\u00ed a Elx, por la impremta Agull\u00f3, el llavors dirigent de la Joventut Socialista il\u00b7licitana, Antonio Ca\u00f1izares, fon processat per un Tribunal Militar, acusat de sedici\u00f3. El suplement acaba amb el recordatori de la celebraci\u00f3 d\u2019un \u00ab<em>mitin bolchevikista<\/em>\u00bb a l\u2019endem\u00e0 a les nous del mat\u00ed en el <em>Teatro Llorente<\/em>.<\/p>\n<p>[\/vc_column_text]\r\n        <p>\r\n        <span class=\"enlaces-titulo\"> AHME, sig. b 350-62 <\/span> <span><a class=\"enlaces-link\" target='_blank'href=\"https:\/\/www.elche.es\/wp-content\/uploads\/2022\/10\/b350-62-1.pdf \">Veure enlla\u00e7<\/a><\/span>\r\n        <br>\r\n        <span class=\"enlaces-descripcion\"><\/span>\r\n        <\/p>\r\n        <hr class=\"enlaces-separador\">\r\n        [\/vc_column][\/vc_row][vc_row][vc_column][vc_column_text]<\/p>\n<\/blockquote>\n<p>[\/vc_column_text][\/vc_column][\/vc_row]<\/p>\n<\/div>","protected":false},"excerpt":{"rendered":"<p>[vc_row][vc_column][vc_column_text][\/vc_column_text][\/vc_column][\/vc_row][vc_row][vc_column][vc_column_text] En nombroses ocasions hem fet refer\u00e8ncia a la rica col\u00b7lecci\u00f3 de Pere Ibarra denominada Tesoro Hist\u00f3rico i tornem a ella una altra volta perqu\u00e8 en 2017 es complixen [&hellip;]<\/p>\n","protected":false},"author":131,"featured_media":12991,"comment_status":"closed","ping_status":"closed","sticky":false,"template":"","format":"standard","meta":{"footnotes":""},"categories":[192,193],"tags":[450,726,406,728,844,845],"class_list":["post-12973","post","type-post","status-publish","format-standard","has-post-thumbnail","hentry","category-arxiu","category-cultura-va","tag-ahme-va","tag-archivo-va","tag-elche-va","tag-historia-va","tag-revolucion-rusa-va","tag-trabajo-va"],"_links":{"self":[{"href":"https:\/\/www.elche.es\/va\/wp-json\/wp\/v2\/posts\/12973","targetHints":{"allow":["GET"]}}],"collection":[{"href":"https:\/\/www.elche.es\/va\/wp-json\/wp\/v2\/posts"}],"about":[{"href":"https:\/\/www.elche.es\/va\/wp-json\/wp\/v2\/types\/post"}],"author":[{"embeddable":true,"href":"https:\/\/www.elche.es\/va\/wp-json\/wp\/v2\/users\/131"}],"replies":[{"embeddable":true,"href":"https:\/\/www.elche.es\/va\/wp-json\/wp\/v2\/comments?post=12973"}],"version-history":[{"count":0,"href":"https:\/\/www.elche.es\/va\/wp-json\/wp\/v2\/posts\/12973\/revisions"}],"wp:featuredmedia":[{"embeddable":true,"href":"https:\/\/www.elche.es\/va\/wp-json\/wp\/v2\/media\/12991"}],"wp:attachment":[{"href":"https:\/\/www.elche.es\/va\/wp-json\/wp\/v2\/media?parent=12973"}],"wp:term":[{"taxonomy":"category","embeddable":true,"href":"https:\/\/www.elche.es\/va\/wp-json\/wp\/v2\/categories?post=12973"},{"taxonomy":"post_tag","embeddable":true,"href":"https:\/\/www.elche.es\/va\/wp-json\/wp\/v2\/tags?post=12973"}],"curies":[{"name":"wp","href":"https:\/\/api.w.org\/{rel}","templated":true}]}}