{"id":131290,"date":"2021-01-18T08:44:07","date_gmt":"2021-01-18T07:44:07","guid":{"rendered":"https:\/\/www.elche.es\/2021\/01\/lajuntament-atorga-quasi-mig-milio-deuros-en-ajudes-a-la-rehabilitacio-dedificis-a-barris-i-pedanies\/"},"modified":"2021-05-03T13:29:12","modified_gmt":"2021-05-03T12:29:12","slug":"lajuntament-atorga-quasi-mig-milio-deuros-en-ajudes-a-la-rehabilitacio-dedificis-a-barris-i-pedanies","status":"publish","type":"post","link":"https:\/\/www.elche.es\/va\/2021\/01\/lajuntament-atorga-quasi-mig-milio-deuros-en-ajudes-a-la-rehabilitacio-dedificis-a-barris-i-pedanies\/","title":{"rendered":"L&#8217;Ajuntament atorga quasi mig mili\u00f3 d&#8217;euros en ajudes a la rehabilitaci\u00f3 d&#8217;edificis a barris i pedanies"},"content":{"rendered":"<div class=\"wpb-content-wrapper\"><p>[vc_row][vc_column][vc_column_text]<\/p>\n<hr \/>\n<h4>El portaveu de l&#8217;Equip de Govern, H\u00e9ctor D\u00edez, explica que s&#8217;han at\u00e9s un total de 67 peticions i les ajudes van des dels 1.000 fins als 40.000 euros en funci\u00f3 de l&#8217;obra presentada<\/h4>\n<hr \/>\n<h4><\/h4>\n<p>[\/vc_column_text][\/vc_column][\/vc_row][vc_row][vc_column][vc_column_text]<strong>L&#8217;Equip de Govern ha acordat el pagament de 440.000 euros en ajudes a la rehabilitaci\u00f3, la seguretat i la millora d&#8217;accessibilitat en comunitats de propietaris d&#8217;edificis a barris i pedanies<\/strong>, corresponents a 2019.<\/p>\n<p>\u201c<strong>S&#8217;han at\u00e9s un total de 67 peticions i les ajudes van des dels 1.000 fins als 40.000 euros en funci\u00f3 de l&#8217;obra presentada<\/strong>\u201d, ha explicat el portaveu de la Junta de Govern, H\u00e9ctor D\u00edez. A m\u00e9s, ha afegit que aquestes ajudes es destinen, entre altres coses, a la creaci\u00f3 de rampes, d&#8217;ascensors, a la rehabilitaci\u00f3 de vest\u00edbuls, a canvi de portes d&#8217;acc\u00e9s i a la millora de seguretat.<\/p>\n<p>El regidor ha aclarit que s&#8217;han desestimat onze per incompliment dels requisits per a poder ser subvencionades per l&#8217;Ajuntament.<\/p>\n<p><strong>D\u00edez ha indicat que aquesta convocat\u00f2ria es tornar\u00e0 a repetir en 2021 ja que \u201cel Govern Municipal pret\u00e9n afavorir la millora del parc d&#8217;habitatges a barris i pedanies\u201d.<\/strong><\/p>\n<p>D&#8217;altra banda,<strong> l&#8217;Equip de Govern ha traslladat a la Conselleria d&#8217;Obres P\u00fabliques, la proposta del promotor, per tal de millorar els accessos a l&#8217;entorn de l&#8217;N-340, amb el prop\u00f2sit de convertir, en un futur, la Finca Mariana en hotel rural<\/strong>. La proposta compta amb el vistiplau de l&#8217;equip t\u00e8cnic municipal i ara ha d&#8217;obtindre el de la Generalitat i el del ministeri de Foment.<\/p>\n<p>\u201cHui hem fet un pas m\u00e9s perqu\u00e8 aquesta finca, en la qual fins ara se celebraven esdeveniments, es convertisca en un hotel rural\u201d, ha apuntat el regidor.[\/vc_column_text][\/vc_column][\/vc_row][vc_row][vc_column][vc_column_text el_class=&#8221;cuadronoticia&#8221;]<\/p>\n<h5><strong>L&#8217;Equip de Govern ha traslladat a la Conselleria d&#8217;Obres P\u00fabliques, la proposta del promotor, per tal de millorar els accessos a l&#8217;entorn de l&#8217;N-340, amb el prop\u00f2sit de convertir, en un futur, la Finca Mariana en hotel rural<\/strong><\/h5>\n<p>[\/vc_column_text][\/vc_column][\/vc_row][vc_row][vc_column][vc_column_text]Quant a les llic\u00e8ncies d&#8217;obra concedides hui, H\u00e9ctor D\u00edez ha destacat dues.<\/p>\n<p>Una de les llic\u00e8ncies concedides \u00e9s per a la construcci\u00f3 d&#8217;una nau al carrer Marqu\u00e9s de Laplace del Parc Empresarial, sobre una parcel\u00b7la de 5.200 metres quadrats que ocupar\u00e0 un establiment relacionat amb la ind\u00fastria de pinsos i productes per a animals.<\/p>\n<p>Tamb\u00e9 <strong>cal destacar la llic\u00e8ncia que s&#8217;atorga a promocions FNC per a la construcci\u00f3 d&#8217;una finca de 20 habitatges amb garatge, trasters i piscina a l&#8217;entorn del Mart\u00ednez Valero.<\/strong><\/p>\n<p><strong>En l&#8217;\u00e0rea de Recursos Humans, la JGL ha acordat ajornar el proc\u00e9s selectiu per a la contractaci\u00f3 de nou t\u00e8cnics especialistes en educaci\u00f3 infantil, at\u00e9s que s&#8217;havien presentat 700 candidats<\/strong> i la situaci\u00f3 sanit\u00e0ria desaconsella la celebraci\u00f3 d&#8217;aquesta prova, que es posposa sense data.<\/p>\n<hr \/>\n<p>[\/vc_column_text][\/vc_column][\/vc_row][vc_row][vc_column width=&#8221;1\/6&#8243;][\/vc_column][vc_column width=&#8221;2\/3&#8243;]<audio class=\"sc_audio\" src=\"https:\/\/soundcloud.com\/ayuntamiento-de-elche\/hector-diez-portavoz-de-la-junta-de-gobierno-local-2\" width=\"\" height=\"\"><\/audio>[\/vc_column][vc_column width=&#8221;1\/6&#8243;][\/vc_column][\/vc_row]<\/p>\n<\/div>","protected":false},"excerpt":{"rendered":"<p>[vc_row][vc_column][vc_column_text] El portaveu de l&#8217;Equip de Govern, H\u00e9ctor D\u00edez, explica que s&#8217;han at\u00e9s un total de 67 peticions i les ajudes van des dels 1.000 fins als 40.000 euros en [&hellip;]<\/p>\n","protected":false},"author":15,"featured_media":131276,"comment_status":"closed","ping_status":"closed","sticky":false,"template":"","format":"standard","meta":{"footnotes":""},"categories":[161,391,1312,210],"tags":[],"class_list":["post-131290","post","type-post","status-publish","format-standard","has-post-thumbnail","hentry","category-ajuntament","category-home-va","category-noticias-va","category-urbanisme-va"],"_links":{"self":[{"href":"https:\/\/www.elche.es\/va\/wp-json\/wp\/v2\/posts\/131290","targetHints":{"allow":["GET"]}}],"collection":[{"href":"https:\/\/www.elche.es\/va\/wp-json\/wp\/v2\/posts"}],"about":[{"href":"https:\/\/www.elche.es\/va\/wp-json\/wp\/v2\/types\/post"}],"author":[{"embeddable":true,"href":"https:\/\/www.elche.es\/va\/wp-json\/wp\/v2\/users\/15"}],"replies":[{"embeddable":true,"href":"https:\/\/www.elche.es\/va\/wp-json\/wp\/v2\/comments?post=131290"}],"version-history":[{"count":0,"href":"https:\/\/www.elche.es\/va\/wp-json\/wp\/v2\/posts\/131290\/revisions"}],"wp:featuredmedia":[{"embeddable":true,"href":"https:\/\/www.elche.es\/va\/wp-json\/wp\/v2\/media\/131276"}],"wp:attachment":[{"href":"https:\/\/www.elche.es\/va\/wp-json\/wp\/v2\/media?parent=131290"}],"wp:term":[{"taxonomy":"category","embeddable":true,"href":"https:\/\/www.elche.es\/va\/wp-json\/wp\/v2\/categories?post=131290"},{"taxonomy":"post_tag","embeddable":true,"href":"https:\/\/www.elche.es\/va\/wp-json\/wp\/v2\/tags?post=131290"}],"curies":[{"name":"wp","href":"https:\/\/api.w.org\/{rel}","templated":true}]}}