{"id":131468,"date":"2021-01-18T14:30:11","date_gmt":"2021-01-18T13:30:11","guid":{"rendered":"https:\/\/www.elche.es\/2021\/01\/gonzalez-hem-fet-una-oficina-de-turisme-del-segle-xxi-pensant-en-la-recuperacio-del-sector-despres-de-la-pandemia\/"},"modified":"2021-05-03T13:29:01","modified_gmt":"2021-05-03T12:29:01","slug":"gonzalez-hem-fet-una-oficina-de-turisme-del-segle-xxi-pensant-en-la-recuperacio-del-sector-despres-de-la-pandemia","status":"publish","type":"post","link":"https:\/\/www.elche.es\/va\/2021\/01\/gonzalez-hem-fet-una-oficina-de-turisme-del-segle-xxi-pensant-en-la-recuperacio-del-sector-despres-de-la-pandemia\/","title":{"rendered":"Gonz\u00e1lez: \u201cHem fet una oficina de turisme del segle XXI pensant en la recuperaci\u00f3 del sector despr\u00e9s de la pand\u00e8mia\u201d"},"content":{"rendered":"<div class=\"wpb-content-wrapper\"><p>[vc_row][vc_column][vc_column_text]<\/p>\n<h4>\u201cEstem en un moment complex en el qual l&#8217;activitat tur\u00edstica ha patit una aturada mundial, per\u00f2 aquesta no \u00e9s una situaci\u00f3 permanent i estem preparant la ciutat per a tornar a l&#8217;activitat tur\u00edstica\u201d, assegura l&#8217;alcalde d&#8217;Elx<\/h4>\n<hr \/>\n<h4><\/h4>\n<p>[\/vc_column_text][\/vc_column][\/vc_row][vc_row][vc_column][vc_column_text]L&#8217;alcalde d&#8217;Elx, Carlos Gonz\u00e1lez, i el regidor de Turisme, Carles Molina, han visitat, al costat del director general de Turisme, Herick Campos, l&#8217;Oficina Municipal de Turisme del Parc Municipal despr\u00e9s de les obres de modernitzaci\u00f3 que l&#8217;Ajuntament ha dut a terme en aquesta. <strong>Unes instal\u00b7lacions renovades per l&#8217;Ajuntament per a afavorir la reactivaci\u00f3 del sector tur\u00edstic a la ciutat despr\u00e9s de la pand\u00e8mia.<\/strong><\/p>\n<p>\u201cVull agrair el treball de l&#8217;equip t\u00e8cnic municipal, especialment de les arquitectes \u00c1ngeles Zamora i Carolina Flux\u00e1, que han fet <strong>un projecte de modernitzaci\u00f3 d&#8217;aquesta oficina enormement interessant<\/strong>. Tamb\u00e9 al director general de Turisme, Herick Campos, per la seua pres\u00e8ncia ac\u00ed\u201d, ha assenyalat l&#8217;alcalde. A m\u00e9s, ha afegit que \u201c<strong>hem fet una oficina del segle XXI pensant en la recuperaci\u00f3 del turisme, una recuperaci\u00f3 que ha d&#8217;arribar<\/strong>. Estem en un moment extraordin\u00e0riament complex en el qual l&#8217;activitat tur\u00edstica ha patit una aturada mundial amb una caiguda de m\u00e9s del 70%, per\u00f2 aquesta no \u00e9s una situaci\u00f3 permanent\u201d.<\/p>\n<p>Tal com ha destacat Gonz\u00e1lez, \u201c<strong>el turisme \u00e9s una activitat econ\u00f2mica molt important per a la nostra ciutat i la nostra aposta de futur \u00e9s que aquest sector continue sent un motor econ\u00f2mic per al municipi<\/strong>. Per aix\u00f2, aprofitem aquest moment de dificultat per millorar les infraestructures i preparar la ciutat per al retorn a l&#8217;activitat tur\u00edstica\u201d.<\/p>\n<p>L&#8217;alcalde ha recordat que <strong>aquest projecte s&#8217;emmarca en l&#8217;estrat\u00e8gia EDUSI per a modernitzar les infraestructures<\/strong>, millorar serveis p\u00fablics i afavorir el desenvolupament socioecon\u00f2mic i la modernitzaci\u00f3 dels barris.<\/p>\n<p>\u201cEs tracta d&#8217;una oficina moderna, accessible i c\u00f2moda, per a projectar la imatge d&#8217;un municipi amb grans valors tur\u00edstics i per la qual passen m\u00e9s de 100.000 persones a l&#8217;any\u201d, ha indicat el regidor.[\/vc_column_text][\/vc_column][\/vc_row][vc_row][vc_column][vc_column_text el_class=&#8221;cuadronoticia&#8221;]<\/p>\n<h5>La nova oficina de turisme compta amb una imatge interior completament renovada, i una nova zona interior on destaca una pantalla LED de grans dimensions que ser\u00e0 un aparador virtual on mostrar l&#8217;oferta tur\u00edstica del municipi<\/h5>\n<p>[\/vc_column_text][\/vc_column][\/vc_row][vc_row][vc_column][vc_column_text]La inversi\u00f3 realitzada en la modernitzaci\u00f3 de l&#8217;oficina ronda els 80.000 euros.<\/p>\n<p>Segons ha explicat \u00c1ngeles Zamora, <strong>amb la reforma s&#8217;ha pret\u00e9s crear un nou espai tur\u00edstic, un nou recurs en si mateix molt m\u00e9s accessible i sostenible<\/strong>.<\/p>\n<p>La nova oficina de turisme compta amb una imatge interior completament renovada, i una nova zona interior on destaca una pantalla LED de grans dimensions que ser\u00e0 un aparador virtual on mostrar l&#8217;oferta tur\u00edstica del municipi. A m\u00e9s, <strong>s&#8217;ha creat mobiliari espec\u00edfic per a les noves instal\u00b7lacions i s&#8217;ha millorat el sistema de climatitzaci\u00f3<\/strong>, d&#8217;insonoritzaci\u00f3 i d&#8217;a\u00efllament de l&#8217;edifici.<\/p>\n<p>A m\u00e9s, segons ha explicat el t\u00e8cnic de Turisme Antonio Fern\u00e1ndez, <strong>s&#8217;ha volgut fer un gest de complicitat a tres dels elements patrimonials m\u00e9s importants i representatius de la nostra ciutat: el Palmerar, el Misteri d\u2019Elx i la Dama d&#8217;Elx;<\/strong> que tenen un lloc destacat en aquesta oficina, a trav\u00e9s de la col\u00b7locaci\u00f3 de dos grans vinils (un interior i un altre exterior) i la creaci\u00f3 d&#8217;un espai il\u00b7luminat per a la r\u00e8plica del bust de la Dama.<\/p>\n<p>Per la seua part, <strong>Herick Campos ha declarat que l&#8217;oficina de turisme del Parc Municipal \u201c\u00e9s un referent en la xarxa de \u2018Tourist Info\u2019 de la Comunitat Valenciana<\/strong>. Unes oficines que la resta de comunitats no tenen i que compleixen uns criteris b\u00e0sics de qualitat, de sostenibilitat i d&#8217;hospitalitat. I, a m\u00e9s, despr\u00e9s d&#8217;elles hi ha equips t\u00e8cnics dedicats plenament al turisme\u201d.<\/p>\n<hr \/>\n<p>[\/vc_column_text][\/vc_column][\/vc_row][vc_row][vc_column][vc_gallery type=&#8221;flexslider_slide&#8221; interval=&#8221;5&#8243; images=&#8221;131423,131425,131427&#8243; img_size=&#8221;full&#8221;][\/vc_column][\/vc_row][vc_row][vc_column width=&#8221;1\/2&#8243;]<audio class=\"sc_audio\" src=\"https:\/\/soundcloud.com\/ayuntamiento-de-elche\/carlos-gonzalez-166376849\" width=\"\" height=\"\"><\/audio>[\/vc_column][vc_column width=&#8221;1\/2&#8243;]<audio class=\"sc_audio\" src=\"https:\/\/soundcloud.com\/ayuntamiento-de-elche\/herick-campos-director-general-de-turismo\" width=\"\" height=\"\"><\/audio>[\/vc_column][\/vc_row]<\/p>\n<\/div>","protected":false},"excerpt":{"rendered":"<p>[vc_row][vc_column][vc_column_text] \u201cEstem en un moment complex en el qual l&#8217;activitat tur\u00edstica ha patit una aturada mundial, per\u00f2 aquesta no \u00e9s una situaci\u00f3 permanent i estem preparant la ciutat per a [&hellip;]<\/p>\n","protected":false},"author":15,"featured_media":131419,"comment_status":"closed","ping_status":"closed","sticky":false,"template":"","format":"standard","meta":{"footnotes":""},"categories":[654,391,1312,228],"tags":[],"class_list":["post-131468","post","type-post","status-publish","format-standard","has-post-thumbnail","hentry","category-edusi-va","category-home-va","category-noticias-va","category-turisme-va"],"_links":{"self":[{"href":"https:\/\/www.elche.es\/va\/wp-json\/wp\/v2\/posts\/131468","targetHints":{"allow":["GET"]}}],"collection":[{"href":"https:\/\/www.elche.es\/va\/wp-json\/wp\/v2\/posts"}],"about":[{"href":"https:\/\/www.elche.es\/va\/wp-json\/wp\/v2\/types\/post"}],"author":[{"embeddable":true,"href":"https:\/\/www.elche.es\/va\/wp-json\/wp\/v2\/users\/15"}],"replies":[{"embeddable":true,"href":"https:\/\/www.elche.es\/va\/wp-json\/wp\/v2\/comments?post=131468"}],"version-history":[{"count":0,"href":"https:\/\/www.elche.es\/va\/wp-json\/wp\/v2\/posts\/131468\/revisions"}],"wp:featuredmedia":[{"embeddable":true,"href":"https:\/\/www.elche.es\/va\/wp-json\/wp\/v2\/media\/131419"}],"wp:attachment":[{"href":"https:\/\/www.elche.es\/va\/wp-json\/wp\/v2\/media?parent=131468"}],"wp:term":[{"taxonomy":"category","embeddable":true,"href":"https:\/\/www.elche.es\/va\/wp-json\/wp\/v2\/categories?post=131468"},{"taxonomy":"post_tag","embeddable":true,"href":"https:\/\/www.elche.es\/va\/wp-json\/wp\/v2\/tags?post=131468"}],"curies":[{"name":"wp","href":"https:\/\/api.w.org\/{rel}","templated":true}]}}