{"id":131866,"date":"2021-01-21T08:51:21","date_gmt":"2021-01-21T07:51:21","guid":{"rendered":"https:\/\/www.elche.es\/2021\/01\/lalcalde-dona-suport-al-sector-de-la-perruqueria-lestetica-i-la-barberia-davant-la-situacio-que-esta-travessant-per-la-pandemia\/"},"modified":"2021-05-03T13:25:28","modified_gmt":"2021-05-03T12:25:28","slug":"lalcalde-dona-suport-al-sector-de-la-perruqueria-lestetica-i-la-barberia-davant-la-situacio-que-esta-travessant-per-la-pandemia","status":"publish","type":"post","link":"https:\/\/www.elche.es\/va\/2021\/01\/lalcalde-dona-suport-al-sector-de-la-perruqueria-lestetica-i-la-barberia-davant-la-situacio-que-esta-travessant-per-la-pandemia\/","title":{"rendered":"L&#8217;alcalde dona suport al sector de la perruqueria, l&#8217;est\u00e8tica i la barberia davant la situaci\u00f3 que est\u00e0 travessant per la pand\u00e8mia"},"content":{"rendered":"<div class=\"wpb-content-wrapper\"><p>[vc_row][vc_column][vc_column_text]<\/p>\n<hr \/>\n<h4>Carlos Gonz\u00e1lez es reuneix amb representants de la Plataforma \u201cCreure en nosaltres\u201d que reclamen una baixada al 10% de l&#8217;IVA que en 2012 va pujar el Partit Popular i que va passar del 8% al 21%<\/h4>\n<hr \/>\n<h4><\/h4>\n<p>[\/vc_column_text][\/vc_column][\/vc_row][vc_row][vc_column][vc_column_text]L&#8217;alcalde, <strong>Carlos Gonz\u00e1lez, s&#8217;ha reunit amb la Plataforma \u201cCreure en nosaltres\u201d en representaci\u00f3 de la perruqueria, l&#8217;est\u00e8tica i la barberia d&#8217;Elx<\/strong>; despr\u00e9s de la manifestaci\u00f3 que el sector de la bellesa ha convocat a la pla\u00e7a de Baix per reclamar una baixada al 10% de l&#8217;IVA, que en 2012 va pujar el Partit Popular i que va passar del 8 al 21%, 13 punts per damunt.<\/p>\n<p>En aquest sentit, <strong>l&#8217;alcalde il\u00b7licit\u00e0 ha manifestat el seu suport al col\u00b7lectiu davant la situaci\u00f3 que est\u00e0 travessant per les conseq\u00fc\u00e8ncies de la pand\u00e8mia<\/strong> i les mesures restrictives adoptades pel Consell valenci\u00e0 per frenar els contagis.<\/p>\n<p>Per la seua part, <strong>els representants han agra\u00eft la voluntat i l&#8217;inter\u00e9s de l&#8217;alcalde<\/strong> cap a un dels sectors essencials per al conjunt de la societat, per la seua contribuci\u00f3 a la generaci\u00f3 d&#8217;ocupaci\u00f3 i al benestar de la poblaci\u00f3.<\/p>\n<hr \/>\n<p>[\/vc_column_text][\/vc_column][\/vc_row]<\/p>\n<\/div>","protected":false},"excerpt":{"rendered":"<p>[vc_row][vc_column][vc_column_text] Carlos Gonz\u00e1lez es reuneix amb representants de la Plataforma \u201cCreure en nosaltres\u201d que reclamen una baixada al 10% de l&#8217;IVA que en 2012 va pujar el Partit Popular i [&hellip;]<\/p>\n","protected":false},"author":15,"featured_media":131808,"comment_status":"closed","ping_status":"closed","sticky":false,"template":"","format":"standard","meta":{"footnotes":""},"categories":[2636,391,1312],"tags":[],"class_list":["post-131866","post","type-post","status-publish","format-standard","has-post-thumbnail","hentry","category-comerc-va","category-home-va","category-noticias-va"],"_links":{"self":[{"href":"https:\/\/www.elche.es\/va\/wp-json\/wp\/v2\/posts\/131866","targetHints":{"allow":["GET"]}}],"collection":[{"href":"https:\/\/www.elche.es\/va\/wp-json\/wp\/v2\/posts"}],"about":[{"href":"https:\/\/www.elche.es\/va\/wp-json\/wp\/v2\/types\/post"}],"author":[{"embeddable":true,"href":"https:\/\/www.elche.es\/va\/wp-json\/wp\/v2\/users\/15"}],"replies":[{"embeddable":true,"href":"https:\/\/www.elche.es\/va\/wp-json\/wp\/v2\/comments?post=131866"}],"version-history":[{"count":0,"href":"https:\/\/www.elche.es\/va\/wp-json\/wp\/v2\/posts\/131866\/revisions"}],"wp:featuredmedia":[{"embeddable":true,"href":"https:\/\/www.elche.es\/va\/wp-json\/wp\/v2\/media\/131808"}],"wp:attachment":[{"href":"https:\/\/www.elche.es\/va\/wp-json\/wp\/v2\/media?parent=131866"}],"wp:term":[{"taxonomy":"category","embeddable":true,"href":"https:\/\/www.elche.es\/va\/wp-json\/wp\/v2\/categories?post=131866"},{"taxonomy":"post_tag","embeddable":true,"href":"https:\/\/www.elche.es\/va\/wp-json\/wp\/v2\/tags?post=131866"}],"curies":[{"name":"wp","href":"https:\/\/api.w.org\/{rel}","templated":true}]}}