{"id":132131,"date":"2021-01-21T14:09:48","date_gmt":"2021-01-21T13:09:48","guid":{"rendered":"https:\/\/www.elche.es\/2021\/01\/elx-suspen-els-actes-multitudinaris-del-mig-any-per-lactual-evolucio-de-la-pandemia-i-rememora-la-festivitat-a-traves-de-les-xarxes-socials\/"},"modified":"2021-05-03T13:24:57","modified_gmt":"2021-05-03T12:24:57","slug":"elx-suspen-els-actes-multitudinaris-del-mig-any-per-lactual-evolucio-de-la-pandemia-i-rememora-la-festivitat-a-traves-de-les-xarxes-socials","status":"publish","type":"post","link":"https:\/\/www.elche.es\/va\/2021\/01\/elx-suspen-els-actes-multitudinaris-del-mig-any-per-lactual-evolucio-de-la-pandemia-i-rememora-la-festivitat-a-traves-de-les-xarxes-socials\/","title":{"rendered":"Elx susp\u00e9n els actes multitudinaris del Mig Any per l&#8217;actual evoluci\u00f3 de la pand\u00e8mia i rememora la festivitat a trav\u00e9s de les xarxes socials"},"content":{"rendered":"<div class=\"wpb-content-wrapper\"><p>[vc_row][vc_column][vc_column_text]<\/p>\n<hr \/>\n<h4>La regidora de Festes, Mariola Galiana, destaca que l&#8217;Ajuntament i l&#8217;Associaci\u00f3 de Moros i Cristians han pres aquesta decisi\u00f3 per garantir la salut dels festers i dels ciutadans<\/h4>\n<hr \/>\n<h4><\/h4>\n<p>[\/vc_column_text][\/vc_column][\/vc_row][vc_row][vc_column][vc_column_text]L&#8217;evoluci\u00f3 de la pand\u00e8mia i les actuals restriccions com a conseq\u00fc\u00e8ncia de la crisi sanit\u00e0ria han obligat l&#8217;Ajuntament d&#8217;Elx i l&#8217;Associaci\u00f3 de Moros i Cristians a <strong>suspendre la celebraci\u00f3 del Mig Any, prevista per als dies 5, 6 i 7 de febrer<\/strong>. \u201cUna decisi\u00f3 assenyada i responsable que hem pres ja que la nostra prioritat \u00e9s la salut dels festers i dels ciutadans\u201d, ha destacat aquest mat\u00ed la regidora de l&#8217;\u00e0rea, Mariola Galiana, acompanyada del president de l&#8217;ens fester, Juli\u00e1n Fern\u00e1ndez.<\/p>\n<p>La regidora ha lamentat la <strong>inevitable cancel\u00b7laci\u00f3 d&#8217;uns actes que es caracteritzen per la concentraci\u00f3 de persones, igual que altres festivitats recentment suspeses com la de Sant Antoni o la de Setmana Santa<\/strong>. Representacions que es donen a la via p\u00fablica i que enguany, segons ha manifestat la regidora, \u201cno es donen les condicions adequades per desenvolupar aquestes activitats\u201d.<\/p>\n<p>No obstant aix\u00f2, <strong>Galiana ha anunciat que els il\u00b7licitans i les il\u00b7licitanes podran reviure i recordar d&#8217;una forma molt especial aquesta festivitat a trav\u00e9s de diverses iniciatives que ha impulsat l&#8217;associaci\u00f3 mitjan\u00e7ant les xarxes socials.<\/strong>[\/vc_column_text][\/vc_column][\/vc_row][vc_row][vc_column][vc_column_text el_class=&#8221;cuadronoticia&#8221;]<\/p>\n<h5>Galiana fa una crida a les persones que van participar l&#8217;agost passat en la campanya solid\u00e0ria \u201cLa Festa als Balcons\u201d, la recaptaci\u00f3 de la qual es va destinar a AFAE, perqu\u00e8 als seus balcons i finestres tornen a col\u00b7locar les banderes de l&#8217;ens fester<\/h5>\n<p>[\/vc_column_text][\/vc_column][\/vc_row][vc_row][vc_column][vc_column_text]En aquest sentit, la regidora ha fet una crida a totes les persones que van participar l&#8217;agost passat en la campanya solid\u00e0ria \u201cLa Festa als Balcons\u201d, la recaptaci\u00f3 de la qual es va destinar a AFAE, perqu\u00e8 als seus balcons i finestres tornen a col\u00b7locar les bandoleres que es van posar a l&#8217;estiu. Aix\u00ed mateix, <strong>Galiana ha destacat que s&#8217;engalanar\u00e0 el carrer Trinquet, on estaran exposades, com tots els anys, les banderes distintives de totes les comparses d&#8217;Elx.<\/strong><\/p>\n<p>A m\u00e9s, la regidora ha demanat a la poblaci\u00f3 que <strong>limite al m\u00e0xim el contacte social per evitar la propagaci\u00f3 del virus<\/strong> i ha felicitat l&#8217;associaci\u00f3 per la gran faena que ha realitzat per adaptar-se a les noves circumst\u00e0ncies.<\/p>\n<p>Per la seua part, Fern\u00e1ndez ha agra\u00eft a la Regidoria de Festes la seua comprensi\u00f3 i suport i ha demanat a la ciutadania responsabilitat individual. \u201c<strong>Confiem i esperem que aquesta situaci\u00f3 dure el menor temps possible i que prompte tornem a omplir els carrers de llum, color, alegria i m\u00fasica<\/strong>\u201d, ha subratllat el president de l&#8217;Associaci\u00f3 de Moros i Cristians.<\/p>\n<hr \/>\n<p>[\/vc_column_text][\/vc_column][\/vc_row][vc_row][vc_column width=&#8221;1\/2&#8243;]<audio class=\"sc_audio\" src=\"https:\/\/soundcloud.com\/ayuntamiento-de-elche\/mariola-galiana-concejala-de-2\" width=\"\" height=\"\"><\/audio>[\/vc_column][vc_column width=&#8221;1\/2&#8243;]<audio class=\"sc_audio\" src=\"https:\/\/soundcloud.com\/ayuntamiento-de-elche\/julian-fernandez-presidente-de-la-asociacion-de-moros-y-cristianos\" width=\"\" height=\"\"><\/audio>[\/vc_column][\/vc_row]<\/p>\n<\/div>","protected":false},"excerpt":{"rendered":"<p>[vc_row][vc_column][vc_column_text] La regidora de Festes, Mariola Galiana, destaca que l&#8217;Ajuntament i l&#8217;Associaci\u00f3 de Moros i Cristians han pres aquesta decisi\u00f3 per garantir la salut dels festers i dels ciutadans [\/vc_column_text][\/vc_column][\/vc_row][vc_row][vc_column][vc_column_text]L&#8217;evoluci\u00f3 [&hellip;]<\/p>\n","protected":false},"author":15,"featured_media":132085,"comment_status":"closed","ping_status":"closed","sticky":false,"template":"","format":"standard","meta":{"footnotes":""},"categories":[191,391,1312],"tags":[],"class_list":["post-132131","post","type-post","status-publish","format-standard","has-post-thumbnail","hentry","category-festes-va","category-home-va","category-noticias-va"],"_links":{"self":[{"href":"https:\/\/www.elche.es\/va\/wp-json\/wp\/v2\/posts\/132131","targetHints":{"allow":["GET"]}}],"collection":[{"href":"https:\/\/www.elche.es\/va\/wp-json\/wp\/v2\/posts"}],"about":[{"href":"https:\/\/www.elche.es\/va\/wp-json\/wp\/v2\/types\/post"}],"author":[{"embeddable":true,"href":"https:\/\/www.elche.es\/va\/wp-json\/wp\/v2\/users\/15"}],"replies":[{"embeddable":true,"href":"https:\/\/www.elche.es\/va\/wp-json\/wp\/v2\/comments?post=132131"}],"version-history":[{"count":0,"href":"https:\/\/www.elche.es\/va\/wp-json\/wp\/v2\/posts\/132131\/revisions"}],"wp:featuredmedia":[{"embeddable":true,"href":"https:\/\/www.elche.es\/va\/wp-json\/wp\/v2\/media\/132085"}],"wp:attachment":[{"href":"https:\/\/www.elche.es\/va\/wp-json\/wp\/v2\/media?parent=132131"}],"wp:term":[{"taxonomy":"category","embeddable":true,"href":"https:\/\/www.elche.es\/va\/wp-json\/wp\/v2\/categories?post=132131"},{"taxonomy":"post_tag","embeddable":true,"href":"https:\/\/www.elche.es\/va\/wp-json\/wp\/v2\/tags?post=132131"}],"curies":[{"name":"wp","href":"https:\/\/api.w.org\/{rel}","templated":true}]}}