{"id":132691,"date":"2021-01-26T13:23:10","date_gmt":"2021-01-26T12:23:10","guid":{"rendered":"https:\/\/www.elche.es\/2021\/01\/lajuntament-destina-una-partida-de-25-000-euros-per-a-la-compra-de-purificadors-amb-la-finalitat-de-combatre-els-contagis-per-la-covid-a-les-aules\/"},"modified":"2021-05-03T13:21:16","modified_gmt":"2021-05-03T12:21:16","slug":"lajuntament-destina-una-partida-de-25-000-euros-per-a-la-compra-de-purificadors-amb-la-finalitat-de-combatre-els-contagis-per-la-covid-a-les-aules","status":"publish","type":"post","link":"https:\/\/www.elche.es\/va\/2021\/01\/lajuntament-destina-una-partida-de-25-000-euros-per-a-la-compra-de-purificadors-amb-la-finalitat-de-combatre-els-contagis-per-la-covid-a-les-aules\/","title":{"rendered":"L&#8217;Ajuntament destina una partida de 25.000 euros per a la compra de purificadors amb la finalitat de combatre els contagis per la Covid a les aules"},"content":{"rendered":"<div class=\"wpb-content-wrapper\"><p>[vc_row el_id=&#8221;SUBTITULAR_NOTICIA&#8221;][vc_column][vc_column_text]<\/p>\n<hr \/>\n<h4>La regidora d&#8217;Educaci\u00f3, Mar\u00eda Jos\u00e9 Mart\u00ednez, explica que la compra es dur\u00e0 a terme quan s&#8217;aprove definitivament el pressupost 2021 i els nous aparells se sumaran als 390 que la Generalitat ja ha distribu\u00eft entre els centres docents d&#8217;Elx<\/h4>\n<hr \/>\n<p>[\/vc_column_text][\/vc_column][\/vc_row][vc_row el_id=&#8221;TEXTO_NOTICIA&#8221;][vc_column][vc_column_text]La regidora d&#8217;Educaci\u00f3, Mar\u00eda Jos\u00e9 Mart\u00ednez, ha anunciat que <strong>l&#8217;Equip de Govern ha creat una partida de 25.000 euros en el pressupost de 2021 denominada \u201csubministrament material higi\u00e8nic i sanitari col\u00b7legis\u201d per a la compra de purificadors d&#8217;aire amb filtres HEPA<\/strong> amb la finalitat de distribuir-los entre els centres docents que compten amb <strong>aules sense ventilaci\u00f3<\/strong>.<\/p>\n<p>Cal recordar que, <strong>al novembre del 2020, el Ple va aprovar una moci\u00f3 en aquest sentit gr\u00e0cies a la proposta del regidor no adscrit, Eduardo Garc\u00eda-Ontiveros.<\/strong><\/p>\n<p>Es tracta d&#8217;una <strong>mesura dirigida a combatre els contagis per la Covid a les aules<\/strong> que ja s&#8217;ha posat en marxa amb la distribuci\u00f3 per part de la Generalitat d&#8217;una <strong>primera remesa de prop de 400 aparells entre els centres p\u00fablics i els concertats del municipi<\/strong>.<\/p>\n<p><strong>Mart\u00ednez ha explicat que les al\u00b7legacions presentades pel PP al pressupost de 2021 han impedit que la compra dels purificadors s&#8217;haja dut a terme ja<\/strong>, encara que confia que es fa\u00e7a efectiva en les pr\u00f2ximes setmanes, una vegada s&#8217;aproven definitivament els comptes municipals per al present exercici.<\/p>\n<p>\u201cFins ara, <strong>a la nostra ciutat han arribat 390 purificadors a tots els centres educatius, tant p\u00fablics com sostinguts amb fons p\u00fablics, inclosos el conservatori professional de m\u00fasica i l&#8217;escola oficial d&#8217;idiomes\u201d, ha apuntat Mart\u00ednez<\/strong>, que ha afegit que \u201cla nostra intenci\u00f3 \u00e9s comprar nous aparells purificadors que <strong>es destinaran per ordre de prioritat a escoles infantils municipals, aules espec\u00edfiques (Educaci\u00f3 especial) i aules de 2 anys, sempre que, els centres educatius tinguen aules amb escassa o nul\u00b7la ventilaci\u00f3<\/strong> natural\u201d.<\/p>\n<p>La compra de nous purificadors \u00e9s una mesura m\u00e9s de les que ha impulsat l&#8217;Ajuntament per a contribuir a fer les aules llocs m\u00e9s segurs i lliures de contagis per la Covid.<\/p>\n<p>Quant a la ventilaci\u00f3 als centres educatius, ha recordat que <strong>no \u00e9s incompatible la utilitzaci\u00f3 de la calefacci\u00f3 a les aules amb la ventilaci\u00f3 necess\u00e0ria a aquestes<\/strong>. Al novembre de 2020 es va remetre a tots els centres educatius, per part de la Conselleria d&#8217;Educaci\u00f3, una guia per a la ventilaci\u00f3 als centres educatius de la Comunitat Valenciana, on s&#8217;expliquen amb detall els passos a seguir per a la ventilaci\u00f3 natural de les aules, la ventilaci\u00f3 creuada en els canvis de classe, l&#8217;\u00fas de les instal\u00b7lacions de ventilaci\u00f3 mec\u00e0nica i de purificadors d&#8217;aire port\u00e0tils.<\/p>\n<hr \/>\n<p>[\/vc_column_text][\/vc_column][\/vc_row][vc_row][vc_column width=&#8221;1\/6&#8243;][\/vc_column][vc_column width=&#8221;2\/3&#8243;]<audio class=\"sc_audio\" src=\"https:\/\/soundcloud.com\/ayuntamiento-de-elche\/maria-jose-martinez-concejala-de-educacion-6\" width=\"\" height=\"\"><\/audio>[\/vc_column][vc_column width=&#8221;1\/6&#8243;][\/vc_column][\/vc_row]<\/p>\n<\/div>","protected":false},"excerpt":{"rendered":"<p>[vc_row el_id=&#8221;SUBTITULAR_NOTICIA&#8221;][vc_column][vc_column_text] La regidora d&#8217;Educaci\u00f3, Mar\u00eda Jos\u00e9 Mart\u00ednez, explica que la compra es dur\u00e0 a terme quan s&#8217;aprove definitivament el pressupost 2021 i els nous aparells se sumaran als 390 [&hellip;]<\/p>\n","protected":false},"author":15,"featured_media":132681,"comment_status":"closed","ping_status":"closed","sticky":false,"template":"","format":"standard","meta":{"footnotes":""},"categories":[194,391,1312],"tags":[],"class_list":["post-132691","post","type-post","status-publish","format-standard","has-post-thumbnail","hentry","category-educacio-va","category-home-va","category-noticias-va"],"_links":{"self":[{"href":"https:\/\/www.elche.es\/va\/wp-json\/wp\/v2\/posts\/132691","targetHints":{"allow":["GET"]}}],"collection":[{"href":"https:\/\/www.elche.es\/va\/wp-json\/wp\/v2\/posts"}],"about":[{"href":"https:\/\/www.elche.es\/va\/wp-json\/wp\/v2\/types\/post"}],"author":[{"embeddable":true,"href":"https:\/\/www.elche.es\/va\/wp-json\/wp\/v2\/users\/15"}],"replies":[{"embeddable":true,"href":"https:\/\/www.elche.es\/va\/wp-json\/wp\/v2\/comments?post=132691"}],"version-history":[{"count":0,"href":"https:\/\/www.elche.es\/va\/wp-json\/wp\/v2\/posts\/132691\/revisions"}],"wp:featuredmedia":[{"embeddable":true,"href":"https:\/\/www.elche.es\/va\/wp-json\/wp\/v2\/media\/132681"}],"wp:attachment":[{"href":"https:\/\/www.elche.es\/va\/wp-json\/wp\/v2\/media?parent=132691"}],"wp:term":[{"taxonomy":"category","embeddable":true,"href":"https:\/\/www.elche.es\/va\/wp-json\/wp\/v2\/categories?post=132691"},{"taxonomy":"post_tag","embeddable":true,"href":"https:\/\/www.elche.es\/va\/wp-json\/wp\/v2\/tags?post=132691"}],"curies":[{"name":"wp","href":"https:\/\/api.w.org\/{rel}","templated":true}]}}