{"id":132709,"date":"2021-01-26T14:16:25","date_gmt":"2021-01-26T13:16:25","guid":{"rendered":"https:\/\/www.elche.es\/2021\/01\/lajuntament-delx-impulsa-un-concurs-de-disfresses-a-traves-de-les-xarxes-socials-per-a-les-persones-majors-amb-motiu-de-carnestoltes\/"},"modified":"2021-05-03T13:20:51","modified_gmt":"2021-05-03T12:20:51","slug":"lajuntament-delx-impulsa-un-concurs-de-disfresses-a-traves-de-les-xarxes-socials-per-a-les-persones-majors-amb-motiu-de-carnestoltes","status":"publish","type":"post","link":"https:\/\/www.elche.es\/va\/2021\/01\/lajuntament-delx-impulsa-un-concurs-de-disfresses-a-traves-de-les-xarxes-socials-per-a-les-persones-majors-amb-motiu-de-carnestoltes\/","title":{"rendered":"L&#8217;Ajuntament d&#8217;Elx impulsa un concurs de disfresses a trav\u00e9s de les xarxes socials per a les persones majors amb motiu de Carnestoltes"},"content":{"rendered":"<div class=\"wpb-content-wrapper\"><p>[vc_row el_id=&#8221;SUBTITULAR_NOTICIA&#8221;][vc_column][vc_column_text]<\/p>\n<hr \/>\n<h4>La regidora de Pol\u00edtica de Majors, Puri Vives, destaca que \u201caquesta iniciativa, programada per a realitzar des de casa, pret\u00e9n fer m\u00e9s suportable el confinament a aquest col\u00b7lectiu i millorar la seua integraci\u00f3 social\u201d<\/h4>\n<hr \/>\n<p>[\/vc_column_text][\/vc_column][\/vc_row][vc_row el_id=&#8221;TEXTO_NOTICIA&#8221;][vc_column][vc_column_text]La Regidoria de Pol\u00edtica de Majors de l&#8217;Ajuntament d&#8217;Elx ha organitzat un <strong>concurs de disfresses a trav\u00e9s de les xarxes socials, amb motiu de Carnestoltes, dirigit a les persones majors de 60 anys<\/strong> del municipi. \u201cUna iniciativa programada per a realitzar des de casa, <strong>la finalitat de la qual \u00e9s fer m\u00e9s suportable el confinament a aquest col\u00b7lectiu, i millorar la seua integraci\u00f3 social<\/strong>\u201d, ha destacat la regidora de l&#8217;\u00e0rea, Puri Vives, que ha assenyalat que, a m\u00e9s, amb aquesta activitat \u201ces pret\u00e9n fomentar la creativitat i la imaginaci\u00f3 entre les persones majors, aix\u00ed com mostrar a la societat les seues habilitats\u201d.<\/p>\n<p><strong>El certamen compta amb les modalitats Individual, M\u00e0squera i Pareja<\/strong>. En aquesta \u00faltima, les persones hauran de ser convivents per poder participar. Segons ha informat la regidora <strong>\u201cel termini de presentaci\u00f3 comen\u00e7a hui, 26 de gener, i finalitzar\u00e0 el pr\u00f2xim 5 de febrer\u201d<\/strong>.[\/vc_column_text][\/vc_column][\/vc_row][vc_row el_id=&#8221;DESTACADO_NOTICIA&#8221;][vc_column][vc_column_text el_class=&#8221;cuadronoticia&#8221;]<\/p>\n<h5>El termini de presentaci\u00f3 d&#8217;aquest certamen , que compta amb les modalitats Individual, M\u00e0squera i Pareja, comen\u00e7a hui, 26 de gener, i finalitzar\u00e0 el pr\u00f2xim 5 de febrer<\/h5>\n<p>[\/vc_column_text][vc_column_text]Vives ha explicat que <strong>els participants hauran de prendre&#8217;s una fotografia amb la disfressa confeccionada i podran entregar-la<\/strong>, amb ajuda d&#8217;un familiar si fora necessari, <strong>a trav\u00e9s de la seu electr\u00f2nica de l&#8217;Ajuntament d&#8217;Elx, en qualsevol OMAC, en la mateixa Regidoria de Pol\u00edtiques de Majors<\/strong> situada a la pla\u00e7a Men\u00e9ndez Pelayo 2, <strong>o mitjan\u00e7ant el correu electr\u00f2nic\u00a0<a href=\"mailto:mayores@elche.es\">mayores@elx.es<\/a>.<\/strong>[\/vc_column_text][vc_column_text el_class=&#8221;cuadronoticia&#8221;]<\/p>\n<h5>Els participants podran entregar la seua fotografia a trav\u00e9s de la seu electr\u00f2nica del Consistori, en qualsevol OMAC, en la seu de lamateixa Regidoria o mitjan\u00e7ant el correu mayores@elx.es<\/h5>\n<p>[\/vc_column_text][\/vc_column][\/vc_row][vc_row el_id=&#8221;TEXTO_FIN_NOTICIA&#8221;][vc_column][vc_column_text]Quant al sistema de qualificaci\u00f3, <strong>la regidora ha comunicat que les fotos candidates es pujaran a les xarxes socials de Majors i podran ser votades per qualsevol persona del 8 de febrer a l&#8217;11 del mateix mes<\/strong>.<\/p>\n<p>En totes les modalitats, <strong>el participant haur\u00e0 d&#8217;explicar resumidament com ha sigut el proc\u00e9s d&#8217;elaboraci\u00f3, els materials utilitzats i els passos seguits per a aquesta confecci\u00f3.<\/strong><\/p>\n<p>Vives ha animat els majors a participar i ha avan\u00e7at que <strong>els guanyadors rebran un obsequi valorat en 150 euros<\/strong>. Concretament, el premi ser\u00e0 <strong>un carro de compra que es podr\u00e0 canviar a un dels supermercats del municipi que m\u00e9s endavant s&#8217;anunciar\u00e0 i publicar\u00e0<\/strong>, al costat de les bases del concurs, en la p\u00e0gina web del consistori.<\/p>\n<hr \/>\n<p>[\/vc_column_text][\/vc_column][\/vc_row][vc_row][vc_column width=&#8221;1\/6&#8243;][\/vc_column][vc_column width=&#8221;2\/3&#8243;]<audio class=\"sc_audio\" src=\"https:\/\/soundcloud.com\/ayuntamiento-de-elche\/puri-vives-concejala-de-mayores\" width=\"\" height=\"\"><\/audio>[\/vc_column][vc_column width=&#8221;1\/6&#8243;][\/vc_column][\/vc_row]<\/p>\n<\/div>","protected":false},"excerpt":{"rendered":"<p>[vc_row el_id=&#8221;SUBTITULAR_NOTICIA&#8221;][vc_column][vc_column_text] La regidora de Pol\u00edtica de Majors, Puri Vives, destaca que \u201caquesta iniciativa, programada per a realitzar des de casa, pret\u00e9n fer m\u00e9s suportable el confinament a aquest col\u00b7lectiu [&hellip;]<\/p>\n","protected":false},"author":15,"featured_media":132695,"comment_status":"closed","ping_status":"closed","sticky":false,"template":"","format":"standard","meta":{"footnotes":""},"categories":[191,391,890,1312],"tags":[],"class_list":["post-132709","post","type-post","status-publish","format-standard","has-post-thumbnail","hentry","category-festes-va","category-home-va","category-mayores-va","category-noticias-va"],"_links":{"self":[{"href":"https:\/\/www.elche.es\/va\/wp-json\/wp\/v2\/posts\/132709","targetHints":{"allow":["GET"]}}],"collection":[{"href":"https:\/\/www.elche.es\/va\/wp-json\/wp\/v2\/posts"}],"about":[{"href":"https:\/\/www.elche.es\/va\/wp-json\/wp\/v2\/types\/post"}],"author":[{"embeddable":true,"href":"https:\/\/www.elche.es\/va\/wp-json\/wp\/v2\/users\/15"}],"replies":[{"embeddable":true,"href":"https:\/\/www.elche.es\/va\/wp-json\/wp\/v2\/comments?post=132709"}],"version-history":[{"count":0,"href":"https:\/\/www.elche.es\/va\/wp-json\/wp\/v2\/posts\/132709\/revisions"}],"wp:featuredmedia":[{"embeddable":true,"href":"https:\/\/www.elche.es\/va\/wp-json\/wp\/v2\/media\/132695"}],"wp:attachment":[{"href":"https:\/\/www.elche.es\/va\/wp-json\/wp\/v2\/media?parent=132709"}],"wp:term":[{"taxonomy":"category","embeddable":true,"href":"https:\/\/www.elche.es\/va\/wp-json\/wp\/v2\/categories?post=132709"},{"taxonomy":"post_tag","embeddable":true,"href":"https:\/\/www.elche.es\/va\/wp-json\/wp\/v2\/tags?post=132709"}],"curies":[{"name":"wp","href":"https:\/\/api.w.org\/{rel}","templated":true}]}}