{"id":133159,"date":"2021-01-29T10:17:29","date_gmt":"2021-01-29T09:17:29","guid":{"rendered":"https:\/\/www.elche.es\/2021\/01\/la-regidoria-de-sanitat-anima-a-la-ciutadania-a-donar-sang-dema-als-centres-socials-de-poeta-miguel-hernandez-i-de-polivalent-de-carrus\/"},"modified":"2021-05-03T13:17:35","modified_gmt":"2021-05-03T12:17:35","slug":"la-regidoria-de-sanitat-anima-a-la-ciutadania-a-donar-sang-dema-als-centres-socials-de-poeta-miguel-hernandez-i-de-polivalent-de-carrus","status":"publish","type":"post","link":"https:\/\/www.elche.es\/va\/2021\/01\/la-regidoria-de-sanitat-anima-a-la-ciutadania-a-donar-sang-dema-als-centres-socials-de-poeta-miguel-hernandez-i-de-polivalent-de-carrus\/","title":{"rendered":"La Regidoria de Sanitat anima a la ciutadania donar sang dem\u00e0 als centres socials de Poeta Miguel Hern\u00e1ndez i Polivalent de Carr\u00fas"},"content":{"rendered":"<div class=\"wpb-content-wrapper\"><p>[vc_row el_id=&#8221;SUBTITULAR_NOTICIA&#8221;][vc_column][vc_column_text]<\/p>\n<hr \/>\n<h4>La regidora de l&#8217;\u00e0rea, Mariola Galiana, assegura que els punts de donaci\u00f3 han sigut desinfectats i preparats per convertir-se en espais segurs i garantir el benestar de les persones<\/h4>\n<hr \/>\n<p>[\/vc_column_text][\/vc_column][\/vc_row][vc_row el_id=&#8221;TEXTO_NOTICIA&#8221;][vc_column][vc_column_text]<strong>La Regidoria de Sanitat i Salut P\u00fablica de l&#8217;Ajuntament d&#8217;Elx i el Centre de Transfusions de la Comunitat Valenciana<\/strong> impulsen unes noves jornades de <strong>\u201cDonaci\u00f3 de sang\u201d<\/strong>. <strong>Les extraccions es realitzaran dem\u00e0 als centres socials de Poeta Miguel Hern\u00e1ndez i Polivalent de Carr\u00fas<\/strong>. Segons ha destacat la regidora de l&#8217;\u00e0rea, Mariola Galiana, \u201cl&#8217;Ajuntament d&#8217;Elx torna a posar a disposici\u00f3 del Centre de Transfusions, diferents depend\u00e8ncies municipals perqu\u00e8 es puguen efectuar les extraccions de sang. <strong>Sempre \u00e9s de vital import\u00e0ncia donar sang, per\u00f2 ara, encara m\u00e9s\u00a0 davant l&#8217;actual situaci\u00f3 sanit\u00e0ria que requereix un esfor\u00e7 major per poder respondre als reptes d&#8217;una pand\u00e8mia que segueix present entre nosaltres<\/strong>\u201d.<\/p>\n<p>\u201cEns agradaria que la ciutadania participara ja que, davant la situaci\u00f3 actual dels nostres hospitals de ve\u00efns i ve\u00efnes ingressats en UCI per Covid, aquestes dosis de sang, s\u00f3n m\u00e9s necess\u00e0ries que mai per salvar vides\u201d, ha assenyalat la regidora.<\/p>\n<p>Aix\u00ed mateix, Galiana ha incidit en qu\u00e8 els <strong>punts de donaci\u00f3 han sigut desinfectats<\/strong> i preparats per convertir-se en espais segurs i ha assegurat que el personal sanitari est\u00e0 extremant les mesures d&#8217;higiene i d&#8217;autoprotecci\u00f3 per garantir l&#8217;adequada desinfecci\u00f3 en les activitats de donaci\u00f3.<\/p>\n<p>\u201cTotes les persones que vulguen donar sang poden estar tranquil\u00b7les i fer-ho sense cap temor\u201d, ha destacat Galiana.<\/p>\n<p>A m\u00e9s, des de la Regidoria informen que els requisits per a ser donant s\u00f3n:<strong> no haver tingut febra o afeccions respirat\u00f2ries en els \u00faltims 15 dies; no haver viatjat a un pa\u00eds de risc en la pand\u00e8mia Covid-19, en l&#8217;\u00faltim mes; i tindre entre 18 i 65 anys d&#8217;edat amb un pes superior a 50 quilos<\/strong>. Si es pateix febra o problemes respiratoris en els 5 dies seg\u00fcents a la donaci\u00f3, l&#8217;organisme municipal adverteix que s&#8217;haur\u00e0 de contactar amb el Centre de Transfusions.<\/p>\n<p>D&#8217;altra banda, <strong>la regidora ha agra\u00eft l&#8217;excepcionalitat de les donacions en aquestes circumst\u00e0ncies tan especials<\/strong>. \u201cEl gest solidari de cadascuna de les persones donants est\u00e0 fent que siga possible continuar amb l&#8217;enorme labor que realitza el personal sanitari cada dia als nostres hospitals\u201d, ha manifestat la regidora.[\/vc_column_text][\/vc_column][\/vc_row][vc_row el_id=&#8221;DESTACADO_NOTICIA&#8221;][vc_column][vc_column_text el_class=&#8221;cuadronoticia&#8221;]Galiana manifesta la import\u00e0ncia de donar sang, per\u00f2 m\u00e9s si cap, davant l&#8217;actual situaci\u00f3 que requereix un esfor\u00e7 major per poder respondre als reptes d&#8217;una pand\u00e8mia que segueix present<\/p>\n<p>[\/vc_column_text][\/vc_column][\/vc_row][vc_row el_id=&#8221;TEXTO_FIN_NOTICIA&#8221;][vc_column][vc_column_text]Horari i ubicaci\u00f3 per poder donar:<\/p>\n<p><strong>Els llocs als quals es podr\u00e0 acudir per realitzar les donacions s\u00f3n:<\/strong><\/p>\n<p>&#8211; Centre Social Polivalent de Carr\u00fas:<\/p>\n<p>\u00b7 Divendres 29 de gener, de 9.30 a 13.30 hores.<\/p>\n<p>&#8211; Centre Social Poeta Miguel Hern\u00e1ndez:<\/p>\n<p>\u00b7 Divendres 29 de gener, de 14.00 a 19.45 hores.<\/p>\n<hr \/>\n<p>[\/vc_column_text][vc_gallery interval=&#8221;3&#8243; images=&#8221;133130&#8243;][\/vc_column][\/vc_row][vc_row][vc_column width=&#8221;1\/6&#8243;][\/vc_column][vc_column width=&#8221;2\/3&#8243;]<audio class=\"sc_audio\" src=\"\" width=\"\" height=\"\"><\/audio>[\/vc_column][vc_column width=&#8221;1\/6&#8243;][\/vc_column][\/vc_row]<\/p>\n<\/div>","protected":false},"excerpt":{"rendered":"<p>[vc_row el_id=&#8221;SUBTITULAR_NOTICIA&#8221;][vc_column][vc_column_text] La regidora de l&#8217;\u00e0rea, Mariola Galiana, assegura que els punts de donaci\u00f3 han sigut desinfectats i preparats per convertir-se en espais segurs i garantir el benestar de les [&hellip;]<\/p>\n","protected":false},"author":15,"featured_media":133133,"comment_status":"closed","ping_status":"closed","sticky":false,"template":"","format":"standard","meta":{"footnotes":""},"categories":[391,1312],"tags":[],"class_list":["post-133159","post","type-post","status-publish","format-standard","has-post-thumbnail","hentry","category-home-va","category-noticias-va"],"_links":{"self":[{"href":"https:\/\/www.elche.es\/va\/wp-json\/wp\/v2\/posts\/133159","targetHints":{"allow":["GET"]}}],"collection":[{"href":"https:\/\/www.elche.es\/va\/wp-json\/wp\/v2\/posts"}],"about":[{"href":"https:\/\/www.elche.es\/va\/wp-json\/wp\/v2\/types\/post"}],"author":[{"embeddable":true,"href":"https:\/\/www.elche.es\/va\/wp-json\/wp\/v2\/users\/15"}],"replies":[{"embeddable":true,"href":"https:\/\/www.elche.es\/va\/wp-json\/wp\/v2\/comments?post=133159"}],"version-history":[{"count":0,"href":"https:\/\/www.elche.es\/va\/wp-json\/wp\/v2\/posts\/133159\/revisions"}],"wp:featuredmedia":[{"embeddable":true,"href":"https:\/\/www.elche.es\/va\/wp-json\/wp\/v2\/media\/133133"}],"wp:attachment":[{"href":"https:\/\/www.elche.es\/va\/wp-json\/wp\/v2\/media?parent=133159"}],"wp:term":[{"taxonomy":"category","embeddable":true,"href":"https:\/\/www.elche.es\/va\/wp-json\/wp\/v2\/categories?post=133159"},{"taxonomy":"post_tag","embeddable":true,"href":"https:\/\/www.elche.es\/va\/wp-json\/wp\/v2\/tags?post=133159"}],"curies":[{"name":"wp","href":"https:\/\/api.w.org\/{rel}","templated":true}]}}