{"id":136241,"date":"2021-02-22T19:49:10","date_gmt":"2021-02-22T18:49:10","guid":{"rendered":"https:\/\/www.elche.es\/2021\/02\/la-regidora-deducacio-recolza-la-iniciativa-de-la-xarxa-de-vives-amb-la-qual-estudiants-de-dos-instituts-delx-debatran-sobre-temes-politics-i-dactualitat\/"},"modified":"2021-05-03T12:50:01","modified_gmt":"2021-05-03T11:50:01","slug":"la-regidora-deducacio-recolza-la-iniciativa-de-la-xarxa-de-vives-amb-la-qual-estudiants-de-dos-instituts-delx-debatran-sobre-temes-politics-i-dactualitat","status":"publish","type":"post","link":"https:\/\/www.elche.es\/va\/2021\/02\/la-regidora-deducacio-recolza-la-iniciativa-de-la-xarxa-de-vives-amb-la-qual-estudiants-de-dos-instituts-delx-debatran-sobre-temes-politics-i-dactualitat\/","title":{"rendered":"La regidora d&#8217;Educaci\u00f3 recolza la iniciativa de la Xarxa Vives amb la qual estudiants de dos instituts d&#8217;Elx debatran sobre temes pol\u00edtics i d&#8217;actualitat"},"content":{"rendered":"<div class=\"wpb-content-wrapper\"><p>[vc_row el_id=&#8221;SUBTITULAR_NOTICIA&#8221;][vc_column][vc_column_text]<\/p>\n<hr \/>\n<h4>Els pr\u00f2xims dies 23 i 24 de febrer deu instituts competiran a la Universitat d&#8217;Alacant (UA) i a la Universitat Miguel Hern\u00e1ndez (UMH) on els oradors dels equips classificats hauran de defensar la seua posici\u00f3 sobre una q\u00fcesti\u00f3<\/h4>\n<hr \/>\n<p>[\/vc_column_text][\/vc_column][\/vc_row][vc_row el_id=&#8221;TEXTO_NOTICIA&#8221;][vc_column][vc_column_text]La regidora d&#8217;Educaci\u00f3, <strong>Mar\u00eda Jos\u00e9 Mart\u00ednez, ha recolzat la iniciativa de la Lliga de Debat Universit\u00e0ria, organitzada per la Xarxa Vives, en la qual estudiants de dos instituts d&#8217;Elx debatran sobre temes pol\u00edtics<\/strong> i d&#8217;actualitat.<\/p>\n<p>En total seran deu els centres educatius que competiran a la Universitat d&#8217;Alacant (UA) i a la Universitat Miguel Hern\u00e1ndez (UMH) els pr\u00f2xims dies 23 i 24 de febrer. Totes dues universitats formen part d&#8217;aquesta activitat en la qual els oradors dels equips classificats hauran de defensar la seua posici\u00f3 a favor o en contra d&#8217;una q\u00fcesti\u00f3. En el cas d&#8217;enguany el tema ser\u00e0: \u201c\u00c9s compatible el creixement global de l\u2019economia amb el respecte al medi ambient?\u201d.<\/p>\n<p>La regidora ha explicat que en <strong>la iniciativa participaran estudiants de 4t d&#8217;ESO, de batxillerat i de cicles formatius procedents de centres p\u00fablics<\/strong> i privats d&#8217;Arag\u00f3, de la Comunitat Valenciana, d&#8217;Andorra, de Catalunya i de les Illes Balears.<\/p>\n<p>A m\u00e9s, les sessions es disputaran en sales virtuals, i tindran una duraci\u00f3 m\u00e0xima de 16 minuts, dividits en torns d&#8217;intervenci\u00f3 de 2 minuts. Cada equip representar\u00e0 la seua universitat i estar\u00e0 format per un m\u00ednim de 2 i un m\u00e0xim de 6 membres, a m\u00e9s del capit\u00e0 o de la capitana.[\/vc_column_text][\/vc_column][\/vc_row][vc_row el_id=&#8221;DESTACADO_NOTICIA&#8221;][vc_column][vc_column_text el_class=&#8221;cuadronoticia&#8221;]<\/p>\n<h5>Mart\u00ednez desitja sort als participants i mostra la seua satisfacci\u00f3 i orgull per la intervenci\u00f3 dels dos centres educatius de la ciutat en aquesta activitat que t\u00e9 com a objectiu millorar l&#8217;expressi\u00f3 oral<\/h5>\n<p>[\/vc_column_text][\/vc_column][\/vc_row][vc_row el_id=&#8221;TEXTO_FIN_NOTICIA&#8221;][vc_column][vc_column_text]D&#8217;una banda, <strong>a la UA participaran 30 alumnes de secund\u00e0ria i de batxillerat<\/strong> de l&#8217;IES Altaia d&#8217;Altea (la Marina Baixa), IES Pare Vit\u00f2ria d&#8217;Alcoi (l&#8217;Alcoi\u00e0), IES Enric Valor de Castalla (l&#8217;Alcoi\u00e0), IES Maria Blasco de Sant Vicent del Raspeig (l&#8217;Alacant\u00ed) i Mare de D\u00e9u de l&#8217;Olivar II d&#8217;Alaqu\u00e0s (l&#8217;Horta Oest). Al seu torn, <strong>a la UMH participaran 37 alumnes<\/strong> de l&#8217;IES Misteri d&#8217;Elx i IES La Foia d&#8217;Elx (Baix Vinalop\u00f3). Tamb\u00e9 formaran part l&#8217;Escola Les Carolines i La Comarcal de Picassent (l&#8217;Horta Sud), i l&#8217;institut Algarb de Sant Jordi de ses Salines (Eivissa).<\/p>\n<p>Mart\u00ednez ha desitjat sort als participants i ha mostrat la seua satisfacci\u00f3 i orgull per la intervenci\u00f3 dels dos instituts il\u00b7licitans en aquesta activitat que t\u00e9 com a objectiu millorar l&#8217;expressi\u00f3 oral.<\/p>\n<h5><strong>La Lliga de Debat Universit\u00e0ria<\/strong><\/h5>\n<p>La Lliga de Debat de secund\u00e0ria i de batxillerat \u00e9s una activitat pensada per a millorar les habilitats comunicatives, el treball en equip amb diversitat de g\u00e8nere, la documentaci\u00f3, la creativitat i l&#8217;\u00fas de t\u00e8cniques i d&#8217;elements innovadors per part del professorat que prepara l&#8217;activitat a cada centre.<\/p>\n<hr \/>\n<p>[\/vc_column_text][\/vc_column][\/vc_row][vc_row][vc_column width=&#8221;1\/6&#8243;][\/vc_column][vc_column width=&#8221;2\/3&#8243;]<audio class=\"sc_audio\" src=\"\" width=\"\" height=\"\"><\/audio>[\/vc_column][vc_column width=&#8221;1\/6&#8243;][\/vc_column][\/vc_row]<\/p>\n<\/div>","protected":false},"excerpt":{"rendered":"<p>[vc_row el_id=&#8221;SUBTITULAR_NOTICIA&#8221;][vc_column][vc_column_text] Els pr\u00f2xims dies 23 i 24 de febrer deu instituts competiran a la Universitat d&#8217;Alacant (UA) i a la Universitat Miguel Hern\u00e1ndez (UMH) on els oradors dels equips [&hellip;]<\/p>\n","protected":false},"author":15,"featured_media":136222,"comment_status":"closed","ping_status":"closed","sticky":false,"template":"","format":"standard","meta":{"footnotes":""},"categories":[194,391,1312],"tags":[],"class_list":["post-136241","post","type-post","status-publish","format-standard","has-post-thumbnail","hentry","category-educacio-va","category-home-va","category-noticias-va"],"_links":{"self":[{"href":"https:\/\/www.elche.es\/va\/wp-json\/wp\/v2\/posts\/136241","targetHints":{"allow":["GET"]}}],"collection":[{"href":"https:\/\/www.elche.es\/va\/wp-json\/wp\/v2\/posts"}],"about":[{"href":"https:\/\/www.elche.es\/va\/wp-json\/wp\/v2\/types\/post"}],"author":[{"embeddable":true,"href":"https:\/\/www.elche.es\/va\/wp-json\/wp\/v2\/users\/15"}],"replies":[{"embeddable":true,"href":"https:\/\/www.elche.es\/va\/wp-json\/wp\/v2\/comments?post=136241"}],"version-history":[{"count":0,"href":"https:\/\/www.elche.es\/va\/wp-json\/wp\/v2\/posts\/136241\/revisions"}],"wp:featuredmedia":[{"embeddable":true,"href":"https:\/\/www.elche.es\/va\/wp-json\/wp\/v2\/media\/136222"}],"wp:attachment":[{"href":"https:\/\/www.elche.es\/va\/wp-json\/wp\/v2\/media?parent=136241"}],"wp:term":[{"taxonomy":"category","embeddable":true,"href":"https:\/\/www.elche.es\/va\/wp-json\/wp\/v2\/categories?post=136241"},{"taxonomy":"post_tag","embeddable":true,"href":"https:\/\/www.elche.es\/va\/wp-json\/wp\/v2\/tags?post=136241"}],"curies":[{"name":"wp","href":"https:\/\/api.w.org\/{rel}","templated":true}]}}