{"id":137182,"date":"2021-03-01T18:52:40","date_gmt":"2021-03-01T17:52:40","guid":{"rendered":"https:\/\/www.elche.es\/2021\/03\/carlos-gonzalez-la-vacunacio-massiva-es-clau-per-a-arribar-a-lestiu-amb-la-immensa-majoria-de-la-poblacio-immunitzada\/"},"modified":"2021-05-03T12:41:34","modified_gmt":"2021-05-03T11:41:34","slug":"carlos-gonzalez-la-vacunacio-massiva-es-clau-per-a-arribar-a-lestiu-amb-la-immensa-majoria-de-la-poblacio-immunitzada","status":"publish","type":"post","link":"https:\/\/www.elche.es\/va\/2021\/03\/carlos-gonzalez-la-vacunacio-massiva-es-clau-per-a-arribar-a-lestiu-amb-la-immensa-majoria-de-la-poblacio-immunitzada\/","title":{"rendered":"Carlos Gonz\u00e1lez: \u201cLa vacunaci\u00f3 massiva \u00e9s clau per a arribar a l&#8217;estiu amb la immensa majoria de la poblaci\u00f3 immunitzada\u201d"},"content":{"rendered":"<div class=\"wpb-content-wrapper\"><p>[vc_row el_id=&#8221;SUBTITULAR_NOTICIA&#8221;][vc_column][vc_column_text]<\/p>\n<hr \/>\n<h4>L&#8217;alcalde d&#8217;Elx informa que ja s&#8217;est\u00e0 dissenyant la campanya que permetr\u00e0 vacunar unes 20.000 persones a la setmana a les instal\u00b7lacions d&#8217;IFA i que contempla un servei de transport col\u00b7lectiu gratu\u00eft<\/h4>\n<hr \/>\n<p>[\/vc_column_text][\/vc_column][\/vc_row][vc_row el_id=&#8221;TEXTO_NOTICIA&#8221;][vc_column][vc_column_text]L&#8217;alcalde d&#8217;Elx, <strong>Carlos Gonz\u00e1lez, ha assenyalat aquest mat\u00ed que la vacunaci\u00f3 massiva \u201c\u00e9s clau per a arribar a l&#8217;estiu amb la immensa majoria de la poblaci\u00f3 immunitzada\u201d. El responsable de l&#8217;Equip de Govern ha recordat que est\u00e0 previst vacunar a les instal\u00b7lacions d&#8217;IFA unes 20.000 persones a la setmana a partir del pr\u00f2xim mes d&#8217;abril<\/strong>, segons es va informar en una reuni\u00f3 mantinguda el dissabte amb el president de la Comunitat, Ximo Puig, i la consellera de Salut P\u00fablica, Ana Barcel\u00f3.<\/p>\n<p><strong>Gonz\u00e1lez tamb\u00e9 ha assenyalat que l&#8217;obertura de terrasses i l&#8217;ampliaci\u00f3 de l&#8217;horari del comer\u00e7 en el proc\u00e9s de desescalada permetran iniciar la recuperaci\u00f3 socioecon\u00f2mica<\/strong>, per\u00f2 ha fet una crida a la prud\u00e8ncia per a evitar una quarta ona de la pand\u00e8mia.<\/p>\n<p>\u201cCompartim els <strong>criteris en els quals s&#8217;inspira el proc\u00e9s de desescalada<\/strong>, que comen\u00e7a hui, i que fonamentalment s\u00f3n <strong>de responsabilitat i prud\u00e8ncia<\/strong>, que tan bons resultats han estat donant, per a evitar que ens vegem immersos en una quarta ona de la pand\u00e8mia\u201d, ha assenyalat l&#8217;alcalde il\u00b7licit\u00e0.[\/vc_column_text][\/vc_column][\/vc_row][vc_row el_id=&#8221;DESTACADO_NOTICIA&#8221;][vc_column][vc_column_text el_class=&#8221;cuadronoticia&#8221;]<\/p>\n<h5>El responsable de l&#8217;Equip de Govern considera positiva l&#8217;obertura de terrasses i l&#8217;ampliaci\u00f3 de l&#8217;horari comercial per a la recuperaci\u00f3 socioecon\u00f2mica en el proc\u00e9s de desescalada<\/h5>\n<p>[\/vc_column_text][\/vc_column][\/vc_row][vc_row el_id=&#8221;TEXTO_FIN_NOTICIA&#8221;][vc_column][vc_column_text]Segons ha explicat Gonz\u00e1lez, \u201c<strong>l&#8217;obertura de terrasses d&#8217;hostaleria i restauraci\u00f3, aix\u00ed com l&#8217;ampliaci\u00f3 de l&#8217;horari del comer\u00e7 \u00e9s una bona not\u00edcia des del punt de vista socioecon\u00f2mic<\/strong>, per\u00f2 hem de demanar, a tots els sectors que passen a aquesta fase d&#8217;obertura, m\u00e0xima responsabilitat i implicaci\u00f3 per a garantir la protecci\u00f3 de la salut\u201d.<\/p>\n<p>\u201cCom saben, dissabte passat vam mantindre una reuni\u00f3 amb el president de la Generalitat i amb la consellera de Sanitat a fi de comen\u00e7ar a treballar en la campanya de vacunaci\u00f3 massiva que s&#8217;ha de produir en la nostra Comunitat i a la nostra ciutat a partir del mes d&#8217;abril. <strong>Entenem que aquesta \u00e9s una pe\u00e7a clau per a garantir que arribarem a l&#8217;estiu de 2021 amb la immensa majoria de la poblaci\u00f3 immunitzada.<\/strong> I per a aix\u00f2, cal organitzar una <strong>campanya de vacunaci\u00f3 massiva, ordenada, c\u00f2moda i segura que ens permeta arribar a tota la poblaci\u00f3<\/strong>\u201d, ha explicat l&#8217;alcalde.<\/p>\n<p><strong>La vacunaci\u00f3 es realitzar\u00e0 a les instal\u00b7lacions de la Instituci\u00f3 Firal Alacantina (IFA), a la qual es podr\u00e0 accedir mitjan\u00e7ant un dispositiu extraordinari de transport col\u00b7lectiu<\/strong>, segons ha informat l&#8217;alcalde. A m\u00e9s, subratlla que \u201caquest espai ha d&#8217;estar permanentment a disposici\u00f3 de la campanya perqu\u00e8 \u00e9s un dels m\u00e9s adequats per a dur a terme la vacunaci\u00f3\u201d.<\/p>\n<h5><strong>Vacunaci\u00f3 de personal essencial<\/strong><\/h5>\n<p>Carlos Gonz\u00e1lez tamb\u00e9 ha indicat que \u201c<strong>aquesta mateixa setmana ja comen\u00e7a la vacunaci\u00f3 del personal essencial, cosa que significa que els membres de les Forces i Cossos de Seguretat de l&#8217;Estat comencen a ser vacunats al llarg d&#8217;aquesta setmana<\/strong>, m\u00e9s de mil efectius en total. A m\u00e9s, treballem en el disseny de la campanya que ha de comen\u00e7ar a partir d&#8217;abril, i que suposar\u00e0 la vacunaci\u00f3 d&#8217;uns 20.000 il\u00b7licitans i il\u00b7licitanes setmanalment al llarg de 10 o 12 setmanes, com a mitj\u00e0 per a aconseguir la immunitzaci\u00f3 total de la poblaci\u00f3 que ens permeta reprendre la normalitat.\u201d.<\/p>\n<p>\u201c<strong>En aquesta fase de la desescalada procedirem immediatament a l&#8217;obertura dels jocs infantils, uns 160<\/strong>, molt important en aquest moment, per al que es dur\u00e0 a terme un proc\u00e9s de neteja extraordinari i molt necessari que comen\u00e7a hui, que es desenvolupar\u00e0 de manera gradual i que es mantindr\u00e0 en el temps per a garantir que estiguen en les millors condicions\u201d, ha expressat l&#8217;alcalde il\u00b7licit\u00e0.<\/p>\n<hr \/>\n<p>[\/vc_column_text][\/vc_column][\/vc_row][vc_row][vc_column width=&#8221;1\/6&#8243;][\/vc_column][vc_column width=&#8221;2\/3&#8243;]<audio class=\"sc_audio\" src=\"https:\/\/soundcloud.com\/ayuntamiento-de-elche\/excavacion-arqueologica-mercado-central-elche-2\" width=\"\" height=\"\"><\/audio>[\/vc_column][vc_column width=&#8221;1\/6&#8243;][\/vc_column][\/vc_row]<\/p>\n<\/div>","protected":false},"excerpt":{"rendered":"<p>[vc_row el_id=&#8221;SUBTITULAR_NOTICIA&#8221;][vc_column][vc_column_text] L&#8217;alcalde d&#8217;Elx informa que ja s&#8217;est\u00e0 dissenyant la campanya que permetr\u00e0 vacunar unes 20.000 persones a la setmana a les instal\u00b7lacions d&#8217;IFA i que contempla un servei de [&hellip;]<\/p>\n","protected":false},"author":15,"featured_media":137166,"comment_status":"closed","ping_status":"closed","sticky":false,"template":"","format":"standard","meta":{"footnotes":""},"categories":[391,217,1312,893],"tags":[],"class_list":["post-137182","post","type-post","status-publish","format-standard","has-post-thumbnail","hentry","category-home-va","category-mobilitat","category-noticias-va","category-sanidad-va"],"_links":{"self":[{"href":"https:\/\/www.elche.es\/va\/wp-json\/wp\/v2\/posts\/137182","targetHints":{"allow":["GET"]}}],"collection":[{"href":"https:\/\/www.elche.es\/va\/wp-json\/wp\/v2\/posts"}],"about":[{"href":"https:\/\/www.elche.es\/va\/wp-json\/wp\/v2\/types\/post"}],"author":[{"embeddable":true,"href":"https:\/\/www.elche.es\/va\/wp-json\/wp\/v2\/users\/15"}],"replies":[{"embeddable":true,"href":"https:\/\/www.elche.es\/va\/wp-json\/wp\/v2\/comments?post=137182"}],"version-history":[{"count":0,"href":"https:\/\/www.elche.es\/va\/wp-json\/wp\/v2\/posts\/137182\/revisions"}],"wp:featuredmedia":[{"embeddable":true,"href":"https:\/\/www.elche.es\/va\/wp-json\/wp\/v2\/media\/137166"}],"wp:attachment":[{"href":"https:\/\/www.elche.es\/va\/wp-json\/wp\/v2\/media?parent=137182"}],"wp:term":[{"taxonomy":"category","embeddable":true,"href":"https:\/\/www.elche.es\/va\/wp-json\/wp\/v2\/categories?post=137182"},{"taxonomy":"post_tag","embeddable":true,"href":"https:\/\/www.elche.es\/va\/wp-json\/wp\/v2\/tags?post=137182"}],"curies":[{"name":"wp","href":"https:\/\/api.w.org\/{rel}","templated":true}]}}