{"id":137185,"date":"2021-03-01T19:21:59","date_gmt":"2021-03-01T18:21:59","guid":{"rendered":"https:\/\/www.elche.es\/2021\/03\/lajuntament-delx-sol%c2%b7licitara-a-la-generalitat-una-subvencio-per-a-les-exhumacions-de-16-represaliats-al-cementeri-vell-de-la-ciutat\/"},"modified":"2021-05-03T12:41:20","modified_gmt":"2021-05-03T11:41:20","slug":"lajuntament-delx-sol%c2%b7licitara-a-la-generalitat-una-subvencio-per-a-les-exhumacions-de-16-represaliats-al-cementeri-vell-de-la-ciutat","status":"publish","type":"post","link":"https:\/\/www.elche.es\/va\/2021\/03\/lajuntament-delx-sol%c2%b7licitara-a-la-generalitat-una-subvencio-per-a-les-exhumacions-de-16-represaliats-al-cementeri-vell-de-la-ciutat\/","title":{"rendered":"L&#8217;Ajuntament d&#8217;Elx sol\u00b7licitar\u00e0 a la Generalitat una subvenci\u00f3 per a les exhumacions de 16 represaliats al Cementeri Vell de la ciutat"},"content":{"rendered":"<div class=\"wpb-content-wrapper\"><p>[vc_row el_id=&#8221;SUBTITULAR_NOTICIA&#8221;][vc_column][vc_column_text]<\/p>\n<hr \/>\n<h4>L&#8217;alcalde, Carlos Gonz\u00e1lez, i les regidores de Cultura, Marga Ant\u00f3n, i de Cooperaci\u00f3 al Desenvolupament, Mariola Galiana, es reuneixen amb la secret\u00e0ria auton\u00f2mica de Cooperaci\u00f3 i Qualitat Democr\u00e0tica, To\u00f1i Serna, per a impulsar la Mem\u00f2ria Hist\u00f2rica del municipi i promoure ajudes a pa\u00efsos en via de desenvolupament<\/h4>\n<hr \/>\n<p>[\/vc_column_text][\/vc_column][\/vc_row][vc_row el_id=&#8221;TEXTO_NOTICIA&#8221;][vc_column][vc_column_text]L&#8217;alcalde, Carlos Gonz\u00e1lez, acompanyat de les regidores de Cultura, Marga Ant\u00f3n, i de Cooperaci\u00f3 al Desenvolupament, Mariola Galiana, han mantingut una <strong>reuni\u00f3 amb la secret\u00e0ria auton\u00f2mica de Cooperaci\u00f3 i Qualitat Democr\u00e0tica, To\u00f1i Serna, per a tractar alguns assumptes destinats a impulsar la Mem\u00f2ria Hist\u00f2rica del municipi<\/strong> i a promoure ajudes a pa\u00efsos en via de desenvolupament.<\/p>\n<p>En concret, <strong>l&#8217;alcalde ha anunciat que l&#8217;Ajuntament sol\u00b7licitar\u00e0 a la Generalitat una subvenci\u00f3 per a les exhumacions de 16 represaliats de la dictadura al Cementeri Vell de la ciutat<\/strong>, dos d&#8217;Asp, sis de Crevillent i la resta de la localitat il\u00b7licitana. Uns fons, finan\u00e7ats per la Conselleria de Participaci\u00f3, Transpar\u00e8ncia, Cooperaci\u00f3 i Qualitat Democr\u00e0tica, amb els quals el consistori podr\u00e0 realitzar actuacions d&#8217;investigaci\u00f3, localitzaci\u00f3, exhumaci\u00f3 i identificaci\u00f3 de persones desaparegudes en fosses durant la Guerra Civil i el franquisme.<\/p>\n<p>A m\u00e9s, durant la reuni\u00f3, <strong>Serna<\/strong> ha mostrat la seua disposici\u00f3 per a oferir qualsevol tipus de suport a projectes de solidaritat, cooperaci\u00f3 al desenvolupament, aix\u00ed com d&#8217;emerg\u00e8ncia social. A m\u00e9s, <strong>ha informat sobre un estudi que s&#8217;est\u00e0 posant en marxa per a impulsar a Elx un pla d&#8217;acci\u00f3 que possibilite formar a funcionaris i a la poblaci\u00f3 amb la finalitat d&#8217;avan\u00e7ar en la consecuci\u00f3 dels Objectius de Desenvolupament Sostenible<\/strong> (ODS) de l&#8217;Agenda 2030.<\/p>\n<hr \/>\n<p>[\/vc_column_text][\/vc_column][\/vc_row]<\/p>\n<\/div>","protected":false},"excerpt":{"rendered":"<p>[vc_row el_id=&#8221;SUBTITULAR_NOTICIA&#8221;][vc_column][vc_column_text] L&#8217;alcalde, Carlos Gonz\u00e1lez, i les regidores de Cultura, Marga Ant\u00f3n, i de Cooperaci\u00f3 al Desenvolupament, Mariola Galiana, es reuneixen amb la secret\u00e0ria auton\u00f2mica de Cooperaci\u00f3 i Qualitat Democr\u00e0tica, [&hellip;]<\/p>\n","protected":false},"author":15,"featured_media":137168,"comment_status":"closed","ping_status":"closed","sticky":false,"template":"","format":"standard","meta":{"footnotes":""},"categories":[524,193,391,1312],"tags":[],"class_list":["post-137185","post","type-post","status-publish","format-standard","has-post-thumbnail","hentry","category-cooperacio","category-cultura-va","category-home-va","category-noticias-va"],"_links":{"self":[{"href":"https:\/\/www.elche.es\/va\/wp-json\/wp\/v2\/posts\/137185","targetHints":{"allow":["GET"]}}],"collection":[{"href":"https:\/\/www.elche.es\/va\/wp-json\/wp\/v2\/posts"}],"about":[{"href":"https:\/\/www.elche.es\/va\/wp-json\/wp\/v2\/types\/post"}],"author":[{"embeddable":true,"href":"https:\/\/www.elche.es\/va\/wp-json\/wp\/v2\/users\/15"}],"replies":[{"embeddable":true,"href":"https:\/\/www.elche.es\/va\/wp-json\/wp\/v2\/comments?post=137185"}],"version-history":[{"count":0,"href":"https:\/\/www.elche.es\/va\/wp-json\/wp\/v2\/posts\/137185\/revisions"}],"wp:featuredmedia":[{"embeddable":true,"href":"https:\/\/www.elche.es\/va\/wp-json\/wp\/v2\/media\/137168"}],"wp:attachment":[{"href":"https:\/\/www.elche.es\/va\/wp-json\/wp\/v2\/media?parent=137185"}],"wp:term":[{"taxonomy":"category","embeddable":true,"href":"https:\/\/www.elche.es\/va\/wp-json\/wp\/v2\/categories?post=137185"},{"taxonomy":"post_tag","embeddable":true,"href":"https:\/\/www.elche.es\/va\/wp-json\/wp\/v2\/tags?post=137185"}],"curies":[{"name":"wp","href":"https:\/\/api.w.org\/{rel}","templated":true}]}}