{"id":137275,"date":"2021-03-02T13:04:10","date_gmt":"2021-03-02T12:04:10","guid":{"rendered":"https:\/\/www.elche.es\/2021\/03\/lajuntament-comenca-a-reobrir-els-jocs-infantils-despres-de-la-seua-neteja\/"},"modified":"2021-05-03T12:40:50","modified_gmt":"2021-05-03T11:40:50","slug":"lajuntament-comenca-a-reobrir-els-jocs-infantils-despres-de-la-seua-neteja","status":"publish","type":"post","link":"https:\/\/www.elche.es\/va\/2021\/03\/lajuntament-comenca-a-reobrir-els-jocs-infantils-despres-de-la-seua-neteja\/","title":{"rendered":"L&#8217;Ajuntament comen\u00e7a a reobrir els jocs infantils despr\u00e9s de la seua neteja"},"content":{"rendered":"<div class=\"wpb-content-wrapper\"><p>[vc_row el_id=&#8221;SUBTITULAR_NOTICIA&#8221;][vc_column][vc_column_text]<\/p>\n<hr \/>\n<h4>El regidor de Neteja, H\u00e9ctor D\u00edez, confia que abans del cap de setmana s&#8217;hagen posat a punt les 160 zones de jocs amb les quals compta Elx<\/h4>\n<hr \/>\n<p>[\/vc_column_text][\/vc_column][\/vc_row][vc_row el_id=&#8221;TEXTO_NOTICIA&#8221;][vc_column][vc_column_text]<strong>El regidor de Neteja de l&#8217;Ajuntament d&#8217;Elx, H\u00e9ctor D\u00edez, ha anunciat que des del seu departament ja s&#8217;est\u00e0 procedint a la reobertura de les 160 zones de jocs infantils<\/strong> amb les quals compta Elx i que estan distribu\u00efdes pels parcs i jardins del nucli urb\u00e0 i les pedanies.<\/p>\n<p>El regidor ha explicat que <strong>els treballs de neteja i posada a punt d&#8217;aquestes zones es van iniciar ahir<\/strong> i que espera que estiguen finalitzats de cara al cap de setmana.[\/vc_column_text][\/vc_column][\/vc_row][vc_row el_id=&#8221;DESTACADO_NOTICIA&#8221;][vc_column][vc_column_text el_class=&#8221;cuadronoticia&#8221;]<\/p>\n<h5>D\u00edez insisteix en la necessitat d&#8217;extremar les precaucions fent \u00fas de la m\u00e0scara i guardant la dist\u00e0ncia de seguretat per a evitar contagis<\/h5>\n<p>[\/vc_column_text][\/vc_column][\/vc_row][vc_row el_id=&#8221;TEXTO_FIN_NOTICIA&#8221;][vc_column][vc_column_text]\u201cDurant aquesta setmana <strong>estem procedint a la reobertura dels jocs infantils i per a aix\u00f2, els estem reobrint conforme els estem posant a punt amb una neteja en profunditat<\/strong> perqu\u00e8 estiguen en les millors condicions\u201d, ha explicat D\u00edez, que ha afegit que \u201ca partir d&#8217;ara els jocs es netejaran setmanalment perqu\u00e8 es troben sempre en condicions \u00f2ptimes\u201d.<\/p>\n<p>El regidor ha fet una crida a la poblaci\u00f3 perqu\u00e8 fa\u00e7a \u00fas d&#8217;aquestes zones de jocs infantils amb responsabilitat.<\/p>\n<p><strong>\u201cA m\u00e9s de la neteja que estem duent a terme, \u00e9s absolutament necessari fer un \u00fas responsable d&#8217;aquestes zones de jocs<\/strong> per a evitar contagis. Cal recordar que \u00e9s necessari fer un \u00fas correcte de la m\u00e0scara i tamb\u00e9 guardar la dist\u00e0ncia de seguretat\u201d.<\/p>\n<hr \/>\n<p>[\/vc_column_text][\/vc_column][\/vc_row]<\/p>\n<\/div>","protected":false},"excerpt":{"rendered":"<p>[vc_row el_id=&#8221;SUBTITULAR_NOTICIA&#8221;][vc_column][vc_column_text] El regidor de Neteja, H\u00e9ctor D\u00edez, confia que abans del cap de setmana s&#8217;hagen posat a punt les 160 zones de jocs amb les quals compta Elx [\/vc_column_text][\/vc_column][\/vc_row][vc_row [&hellip;]<\/p>\n","protected":false},"author":15,"featured_media":137265,"comment_status":"closed","ping_status":"closed","sticky":false,"template":"","format":"standard","meta":{"footnotes":""},"categories":[391,1312,2706],"tags":[],"class_list":["post-137275","post","type-post","status-publish","format-standard","has-post-thumbnail","hentry","category-home-va","category-noticias-va","category-parques-y-jardines-va"],"_links":{"self":[{"href":"https:\/\/www.elche.es\/va\/wp-json\/wp\/v2\/posts\/137275","targetHints":{"allow":["GET"]}}],"collection":[{"href":"https:\/\/www.elche.es\/va\/wp-json\/wp\/v2\/posts"}],"about":[{"href":"https:\/\/www.elche.es\/va\/wp-json\/wp\/v2\/types\/post"}],"author":[{"embeddable":true,"href":"https:\/\/www.elche.es\/va\/wp-json\/wp\/v2\/users\/15"}],"replies":[{"embeddable":true,"href":"https:\/\/www.elche.es\/va\/wp-json\/wp\/v2\/comments?post=137275"}],"version-history":[{"count":0,"href":"https:\/\/www.elche.es\/va\/wp-json\/wp\/v2\/posts\/137275\/revisions"}],"wp:featuredmedia":[{"embeddable":true,"href":"https:\/\/www.elche.es\/va\/wp-json\/wp\/v2\/media\/137265"}],"wp:attachment":[{"href":"https:\/\/www.elche.es\/va\/wp-json\/wp\/v2\/media?parent=137275"}],"wp:term":[{"taxonomy":"category","embeddable":true,"href":"https:\/\/www.elche.es\/va\/wp-json\/wp\/v2\/categories?post=137275"},{"taxonomy":"post_tag","embeddable":true,"href":"https:\/\/www.elche.es\/va\/wp-json\/wp\/v2\/tags?post=137275"}],"curies":[{"name":"wp","href":"https:\/\/api.w.org\/{rel}","templated":true}]}}