{"id":137301,"date":"2021-03-02T14:20:09","date_gmt":"2021-03-02T13:20:09","guid":{"rendered":"https:\/\/www.elche.es\/2021\/03\/la-regidoria-de-festes-repren-el-tradicional-concurs-de-palma-blanca-el-proxim-27-de-marc-al-centre-de-congressos-amb-totes-les-mesures-sanitaries\/"},"modified":"2021-05-03T12:40:35","modified_gmt":"2021-05-03T11:40:35","slug":"la-regidoria-de-festes-repren-el-tradicional-concurs-de-palma-blanca-el-proxim-27-de-marc-al-centre-de-congressos-amb-totes-les-mesures-sanitaries","status":"publish","type":"post","link":"https:\/\/www.elche.es\/va\/2021\/03\/la-regidoria-de-festes-repren-el-tradicional-concurs-de-palma-blanca-el-proxim-27-de-marc-al-centre-de-congressos-amb-totes-les-mesures-sanitaries\/","title":{"rendered":"La Regidoria de Festes repr\u00e9n el tradicional Concurs de Palma Blanca el pr\u00f2xim 27 de mar\u00e7 al Centre de Congressos amb totes les mesures sanit\u00e0ries"},"content":{"rendered":"<div class=\"wpb-content-wrapper\"><p>[vc_row el_id=&#8221;SUBTITULAR_NOTICIA&#8221;][vc_column][vc_column_text]<\/p>\n<hr \/>\n<h4>La regidora de l&#8217;\u00e0rea, Mariola Galiana, destaca que \u201cla LX edici\u00f3 del certamen es dur\u00e0 a terme per a afavorir la promoci\u00f3 d&#8217;aquest producte, el foment del seu ofici arrelat a la ciutat i la seua superviv\u00e8ncia com a activitat econ\u00f2mica\u201d<\/h4>\n<hr \/>\n<p>[\/vc_column_text][\/vc_column][\/vc_row][vc_row][vc_column][vc_btn title=&#8221;Consulta les bases del concurs&#8221; color=&#8221;sky&#8221; align=&#8221;center&#8221; link=&#8221;url:https%3A%2F%2Fwww.elche.es%2Fwp-content%2Fuploads%2F2021%2F03%2FBASES-60-CONCURS-DE-PALMA-BLANCA-2021-Valenci%C3%A0.pdf|target:_blank&#8221; css=&#8221;.vc_custom_1614762383123{margin-top: 20px !important;margin-bottom: 20px !important;}&#8221;][\/vc_column][\/vc_row][vc_row el_id=&#8221;TEXTO_NOTICIA&#8221;][vc_column][vc_column_text]El Centre de Congressos acollir\u00e0 el 27 de mar\u00e7 la presentaci\u00f3 de la<strong> LX edici\u00f3 del tradicional Concurs de Palma Blanca<\/strong>,<strong> despr\u00e9s que es cancel\u00b7lara l&#8217;any passat per la pand\u00e8mia<\/strong>. Aix\u00ed ho ha anunciat aquest mat\u00ed la regidora de Festes, Mariola Galiana, que ha destacat que des de la Regidoria continuaran secundant i posant en valor \u201cl&#8217;important\u00edssim tresor tradicional\u201d que \u00e9s l&#8217;artesania de la palma blanca a Elx.<\/p>\n<p>La regidora ha explicat que<strong> s&#8217;ha triat aquest espai per a dur a terme el concurs amb la finalitat de garantir les mesures de seguretat recomanades<\/strong>. A m\u00e9s, la presentaci\u00f3 estar\u00e0 oberta al p\u00fablic des del Diumenge de Rams fins al Diumenge de Pasqua.<\/p>\n<p>\u201cMalgrat que <strong>no es podr\u00e0 celebrar la process\u00f3 del Diumenge de Rams s\u00f3n moltes les persones que han continuat amb aquesta tradici\u00f3 centen\u00e0ria<\/strong>\u201d, ha assenyalat Galiana, que ha subratllat la necessitat de recon\u00e9ixer els artistes pel seu esfor\u00e7 i dedicaci\u00f3.[\/vc_column_text][\/vc_column][\/vc_row][vc_row el_id=&#8221;DESTACADO_NOTICIA&#8221;][vc_column][vc_column_text el_class=&#8221;cuadronoticia&#8221;]<\/p>\n<h5>Galiana destaca que, amb la finalitat de fomentar la participaci\u00f3, tant els inscrits a l&#8217;escola taller com el p\u00fablic en general, podran optar al mateix nombre de premis i assenyala que les inscripcions es realitzen a les oficines OMAC o mitjan\u00e7ant la seu electr\u00f2nica de l&#8217;Ajuntament fins al 17 de mar\u00e7<\/h5>\n<p>[\/vc_column_text][\/vc_column][\/vc_row][vc_row el_id=&#8221;TEXTO_FIN_NOTICIA&#8221;][vc_column][vc_column_text]Aix\u00ed mateix, la regidora ha assenyalat que \u201cel que es pret\u00e9n amb el certamen \u00e9s afavorir la promoci\u00f3 d&#8217;aquest producte, el foment de l&#8217;ofici arrelat a la ciutat i la superviv\u00e8ncia de la palma blanca com a activitat econ\u00f2mica per a generar llocs de treball al municipi\u201d.<\/p>\n<p><strong>Enguany, com a novetat, s&#8217;han modificat les categories del concurs. D&#8217;una banda, es podran presentar palmes en format especial amb unes mesures entre els 2,01 i els 2,70 metres, comptats des de la base dels adorns.<\/strong> Tamb\u00e9 estan les de grand\u00e0ria interm\u00e8dia, entre 1,51 i 2 metres d&#8217;altura; i la de miniatura amb una altura m\u00ednima de 0,50 i m\u00e0xima d&#8217;1,5 metres. I, finalment, <strong>es mant\u00e9 la modalitat de solapa en qu\u00e8 les palmes hauran de tenir una grand\u00e0ria m\u00e0xima de 8 cent\u00edmetres<\/strong>, tant d&#8217;ample com d&#8217;alt. Nom\u00e9s podran optar a aquest premi les persones que presenten un treball en les altres categories.<\/p>\n<p>A m\u00e9s, amb la finalitat de fomentar la participaci\u00f3, Galiana ha assenyalat que<strong> tant els inscrits a l&#8217;escola taller com el p\u00fablic en general, podran optar al mateix nombre de premis<\/strong> amb la condici\u00f3 que es presente un \u00fanic treball com a m\u00e0xim.<\/p>\n<p>Un altre dels canvis d&#8217;aquesta edici\u00f3 \u00e9s l&#8217;augment de nombre de premis, que seran 23, aix\u00ed com l&#8217;import total d&#8217;aquests que enguany ser\u00e0 de 7.950 euros.<\/p>\n<p><strong>Els premis aniran des dels 100 als 900 euros depenent de la modalitat i els interessats hauran d&#8217;inscriure&#8217;s a trav\u00e9s de les oficines OMAC o b\u00e9 mitjan\u00e7ant la seu electr\u00f2nica de l&#8217;Ajuntament fins al 17 de mar\u00e7<\/strong>, ha informat la regidora. A m\u00e9s, ha animat a participar els ciutadans per a \u201cincentivar i agrair el treball realitzat per totes les persones que continuen trenant la palma a Elx i que contribueixen al fet que la nostra process\u00f3 del Diumenge de Rams siga \u00fanica al m\u00f3n\u201d.<\/p>\n<hr \/>\n<p>[\/vc_column_text][\/vc_column][\/vc_row][vc_row][vc_column width=&#8221;1\/6&#8243;][\/vc_column][vc_column width=&#8221;2\/3&#8243;]<audio class=\"sc_audio\" src=\"https:\/\/soundcloud.com\/ayuntamiento-de-elche\/mariola-galiana-concejala-de-4\" width=\"\" height=\"\" data-title=\"https:\/\/soundcloud.com\/ayuntamiento-de-elche\/mariola-galiana-concejala-de-4\"><\/audio>[\/vc_column][vc_column width=&#8221;1\/6&#8243;][\/vc_column][\/vc_row]<\/p>\n<\/div>","protected":false},"excerpt":{"rendered":"<p>[vc_row el_id=&#8221;SUBTITULAR_NOTICIA&#8221;][vc_column][vc_column_text] La regidora de l&#8217;\u00e0rea, Mariola Galiana, destaca que \u201cla LX edici\u00f3 del certamen es dur\u00e0 a terme per a afavorir la promoci\u00f3 d&#8217;aquest producte, el foment del seu [&hellip;]<\/p>\n","protected":false},"author":15,"featured_media":137292,"comment_status":"closed","ping_status":"closed","sticky":false,"template":"","format":"standard","meta":{"footnotes":""},"categories":[191,391,1312],"tags":[],"class_list":["post-137301","post","type-post","status-publish","format-standard","has-post-thumbnail","hentry","category-festes-va","category-home-va","category-noticias-va"],"_links":{"self":[{"href":"https:\/\/www.elche.es\/va\/wp-json\/wp\/v2\/posts\/137301","targetHints":{"allow":["GET"]}}],"collection":[{"href":"https:\/\/www.elche.es\/va\/wp-json\/wp\/v2\/posts"}],"about":[{"href":"https:\/\/www.elche.es\/va\/wp-json\/wp\/v2\/types\/post"}],"author":[{"embeddable":true,"href":"https:\/\/www.elche.es\/va\/wp-json\/wp\/v2\/users\/15"}],"replies":[{"embeddable":true,"href":"https:\/\/www.elche.es\/va\/wp-json\/wp\/v2\/comments?post=137301"}],"version-history":[{"count":0,"href":"https:\/\/www.elche.es\/va\/wp-json\/wp\/v2\/posts\/137301\/revisions"}],"wp:featuredmedia":[{"embeddable":true,"href":"https:\/\/www.elche.es\/va\/wp-json\/wp\/v2\/media\/137292"}],"wp:attachment":[{"href":"https:\/\/www.elche.es\/va\/wp-json\/wp\/v2\/media?parent=137301"}],"wp:term":[{"taxonomy":"category","embeddable":true,"href":"https:\/\/www.elche.es\/va\/wp-json\/wp\/v2\/categories?post=137301"},{"taxonomy":"post_tag","embeddable":true,"href":"https:\/\/www.elche.es\/va\/wp-json\/wp\/v2\/tags?post=137301"}],"curies":[{"name":"wp","href":"https:\/\/api.w.org\/{rel}","templated":true}]}}