{"id":137330,"date":"2021-03-02T18:47:07","date_gmt":"2021-03-02T17:47:07","guid":{"rendered":"https:\/\/www.elche.es\/2021\/03\/primers-passos-cap-al-centre-dinnovacio-economica-a-lantic-edifici-de-correus\/"},"modified":"2021-05-03T12:40:25","modified_gmt":"2021-05-03T11:40:25","slug":"primers-passos-cap-al-centre-dinnovacio-economica-a-lantic-edifici-de-correus","status":"publish","type":"post","link":"https:\/\/www.elche.es\/va\/2021\/03\/primers-passos-cap-al-centre-dinnovacio-economica-a-lantic-edifici-de-correus\/","title":{"rendered":"Primers passos cap al centre d&#8217;innovaci\u00f3 econ\u00f2mica a l&#8217;antic edifici de Correus"},"content":{"rendered":"<div class=\"wpb-content-wrapper\"><p>[vc_row el_id=&#8221;SUBTITULAR_NOTICIA&#8221;][vc_column][vc_column_text]<\/p>\n<hr \/>\n<h4>L&#8217;alcalde, Carlos Gonz\u00e1lez, i la consellera d&#8217;Innovaci\u00f3, Carolina Pascual, es reuneixen amb representants dels diferents sectors per a dotar de contingut aquest centre impulsat per la Generalitat i l&#8217;Ajuntament<\/h4>\n<hr \/>\n<p>[\/vc_column_text][\/vc_column][\/vc_row][vc_row el_id=&#8221;TEXTO_NOTICIA&#8221;][vc_column][vc_column_text]<strong>Hui s&#8217;ha donat el tret d&#8217;eixida per a dotar de contingut al futur centre d&#8217;innovaci\u00f3 econ\u00f2mica que se situar\u00e0 en l&#8217;antic edifici de Correus, al passeig de la Joventut.<\/strong><\/p>\n<p>L&#8217;alcalde d&#8217;Elx, Carlos Gonz\u00e1lez, i la consellera d&#8217;Innovaci\u00f3, Carolina Pascual, han mantingut aquest mat\u00ed una <strong>reuni\u00f3 telem\u00e0tica amb una \u00e0mplia representaci\u00f3 de sectors empresarials, formatius, tecnol\u00f2gics, cient\u00edfics i soci-laborals de la ciutat i de la Comunitat Valenciana<\/strong>, amb la finalitat d&#8217;impulsar el projecte i dotar de contingut aquesta actuaci\u00f3 impulsada per la Generalitat i l&#8217;Ajuntament.<\/p>\n<p>\u201c<strong>Es tracta d&#8217;un centre que ha de tindre un potent impacte de transformaci\u00f3 de l&#8217;economia local, per\u00f2 tamb\u00e9 t\u00e9 una repercussi\u00f3 en l&#8217;\u00e0mbit de la Comunitat Valenciana.<\/strong> Un centre que ha d&#8217;estar, indubtablement, dedicat a transformar els nostres sectors productius, i a m\u00e9s, ha de tindre una dimensi\u00f3 transversal que afecte al desenvolupament socioecon\u00f2mic de la ciutat i de la Comunitat Valenciana\u201d, ha indicat Carlos Gonz\u00e1lez.[\/vc_column_text][\/vc_column][\/vc_row][vc_row el_id=&#8221;DESTACADO_NOTICIA&#8221;][vc_column][vc_column_text el_class=&#8221;cuadronoticia&#8221;]<\/p>\n<h5>\u201cEs tracta d&#8217;un projecte que ha d&#8217;estar dedicat a transformar els nostres sectors productius i a m\u00e9s, ha de tindre una dimensi\u00f3 transversal que afecte el desenvolupament socioecon\u00f2mic de la ciutat i de la Comunitat Valenciana\u201d, ha indicat l&#8217;alcalde<\/h5>\n<p>[\/vc_column_text][vc_column_text]Per la seua part, la consellera ha recordat que <strong>la Generalitat Valenciana ha adquirit l&#8217;edifici de l&#8217;antiga seu de Correus per a la posada en marxa d&#8217;aquest centre i ha avan\u00e7at que \u201cal llarg dels pr\u00f2xims mesos comen\u00e7ar\u00e0 l&#8217;estudi per a la rehabilitaci\u00f3 de l&#8217;edifici i dotar-lo de contingut\u201d<\/strong>.<\/p>\n<p>Carolina Pascual ha indicat que en aquesta primera reuni\u00f3 s&#8217;ha abordat la constituci\u00f3 d&#8217;un grup de treball per a valorar diferents aspectes quant al contingut del centre. \u201c<strong>L&#8217;edifici estar\u00e0 dotat dels diferents serveis necessaris per a transformar el teixit productiu i hui, el debat s&#8217;ha focalitzat en la presa de decisions respecte a tres aspectes<\/strong>: l&#8217;abast del centre, l&#8217;orientaci\u00f3 que se li pret\u00e9n donar (m\u00e9s sectorial o m\u00e9s transversal) i les funcions que ha de tindre\u201d.<\/p>\n<p>Despr\u00e9s de la constituci\u00f3 de la comissi\u00f3 de treball, que no est\u00e0 tancada, en la reuni\u00f3 de hui s&#8217;ha parlat sobre la necessitat de \u201ctraslladar la innovaci\u00f3 que tenim al teixit productiu perqu\u00e8 es produ\u00efsca una transfer\u00e8ncia de coneixements i que aix\u00f2 contribu\u00efsca a millorar l&#8217;economia i supose una millora per a l&#8217;entorn on se situa el centre\u201d.[\/vc_column_text][vc_column_text el_class=&#8221;cuadronoticia&#8221;]<\/p>\n<h5>\u201cL&#8217;objectiu \u00e9s traslladar la innovaci\u00f3 que tenim al teixit productiu, perqu\u00e8 es produ\u00efsca una transfer\u00e8ncia de coneixements i que aix\u00f2, contribu\u00efsca a millorar l&#8217;economia i supose una millora per a l&#8217;entorn on se situa el centre\u201d, ha indicat Pascual<\/h5>\n<p>[\/vc_column_text][\/vc_column][\/vc_row][vc_row el_id=&#8221;TEXTO_FIN_NOTICIA&#8221;][vc_column][vc_column_text]<strong>Pascual ha apuntat que en la reuni\u00f3 de hui s&#8217;ha apostat per donar al centre un contingut m\u00e9s transversal, encara que centrat en determinats sectors com el del cal\u00e7at, el dels components, l&#8217;agroalimentari o el dels vivers.<\/strong><\/p>\n<p>L&#8217;alcalde ha puntualitzat que \u201c<strong>el centre naix a Elx amb l&#8217;objectiu d&#8217;impulsar la innovaci\u00f3 i la transformaci\u00f3 digital de les empreses il\u00b7licitanes<\/strong>, per\u00f2 amb una vocaci\u00f3 supralocal. Que contemple els principals sectors econ\u00f2mics de la nostra ciutat, per\u00f2 tamb\u00e9 uns altres\u201d.<\/p>\n<p>Al costat d&#8217;aix\u00f2, l&#8217;alcalde diu que aquesta ha de ser una <strong>actuaci\u00f3 que transforme d&#8217;una forma substancial un espai que a conseq\u00fc\u00e8ncia de la degradaci\u00f3 de l&#8217;edifici de Correus requereix un impuls i una modernitzaci\u00f3<\/strong>.<\/p>\n<p>\u201cQuan comen\u00e7\u00e0vem a parlar del projecte manej\u00e0vem dues claus importants: la <strong>necessitat d&#8217;esgotar l&#8217;edificabilitat de l&#8217;edifici que pot comptar amb m\u00e9s plantes de les que ara ocupa i, d&#8217;altra banda, dur a terme una actuaci\u00f3 emblem\u00e0tica que provoque una transformaci\u00f3 en l&#8217;entorn urb\u00e0 i la conversi\u00f3 en zona de vianants del passeig de la Joventut<\/strong>\u201d, ha indicat l&#8217;alcalde. A m\u00e9s, ha concl\u00f2s que \u201cestem parlat d&#8217;una actuaci\u00f3 que t\u00e9 dues dimensions, d&#8217;una banda la transformaci\u00f3 del nostre sistema productiu i, per una altra, la modernitzaci\u00f3 de l&#8217;entorn del passeig de la Joventut\u201d.<\/p>\n<hr \/>\n<p>[\/vc_column_text][\/vc_column][\/vc_row][vc_row][vc_column width=&#8221;1\/6&#8243;][\/vc_column][vc_column width=&#8221;2\/3&#8243;]<audio class=\"sc_audio\" src=\"https:\/\/soundcloud.com\/ayuntamiento-de-elche\/carlos-gonzalez-y-carolina-pascual\" width=\"\" height=\"\"><\/audio>[\/vc_column][vc_column width=&#8221;1\/6&#8243;][\/vc_column][\/vc_row]<\/p>\n<\/div>","protected":false},"excerpt":{"rendered":"<p>[vc_row el_id=&#8221;SUBTITULAR_NOTICIA&#8221;][vc_column][vc_column_text] L&#8217;alcalde, Carlos Gonz\u00e1lez, i la consellera d&#8217;Innovaci\u00f3, Carolina Pascual, es reuneixen amb representants dels diferents sectors per a dotar de contingut aquest centre impulsat per la Generalitat i [&hellip;]<\/p>\n","protected":false},"author":15,"featured_media":137315,"comment_status":"closed","ping_status":"closed","sticky":false,"template":"","format":"standard","meta":{"footnotes":""},"categories":[161,391,1312,183],"tags":[],"class_list":["post-137330","post","type-post","status-publish","format-standard","has-post-thumbnail","hentry","category-ajuntament","category-home-va","category-noticias-va","category-pomocio-economica"],"_links":{"self":[{"href":"https:\/\/www.elche.es\/va\/wp-json\/wp\/v2\/posts\/137330","targetHints":{"allow":["GET"]}}],"collection":[{"href":"https:\/\/www.elche.es\/va\/wp-json\/wp\/v2\/posts"}],"about":[{"href":"https:\/\/www.elche.es\/va\/wp-json\/wp\/v2\/types\/post"}],"author":[{"embeddable":true,"href":"https:\/\/www.elche.es\/va\/wp-json\/wp\/v2\/users\/15"}],"replies":[{"embeddable":true,"href":"https:\/\/www.elche.es\/va\/wp-json\/wp\/v2\/comments?post=137330"}],"version-history":[{"count":0,"href":"https:\/\/www.elche.es\/va\/wp-json\/wp\/v2\/posts\/137330\/revisions"}],"wp:featuredmedia":[{"embeddable":true,"href":"https:\/\/www.elche.es\/va\/wp-json\/wp\/v2\/media\/137315"}],"wp:attachment":[{"href":"https:\/\/www.elche.es\/va\/wp-json\/wp\/v2\/media?parent=137330"}],"wp:term":[{"taxonomy":"category","embeddable":true,"href":"https:\/\/www.elche.es\/va\/wp-json\/wp\/v2\/categories?post=137330"},{"taxonomy":"post_tag","embeddable":true,"href":"https:\/\/www.elche.es\/va\/wp-json\/wp\/v2\/tags?post=137330"}],"curies":[{"name":"wp","href":"https:\/\/api.w.org\/{rel}","templated":true}]}}