{"id":137333,"date":"2021-03-02T19:28:18","date_gmt":"2021-03-02T18:28:18","guid":{"rendered":"https:\/\/www.elche.es\/2021\/03\/cultura-portara-al-gran-teatre-delx-el-6e-cicle-literari-la-dignitat-de-la-paraula-amb-escriptors-com-a-barbara-blasco-raquel-lanseros-o-mariano-sanchez\/"},"modified":"2021-05-03T12:40:15","modified_gmt":"2021-05-03T11:40:15","slug":"cultura-portara-al-gran-teatre-delx-el-6e-cicle-literari-la-dignitat-de-la-paraula-amb-escriptors-com-a-barbara-blasco-raquel-lanseros-o-mariano-sanchez","status":"publish","type":"post","link":"https:\/\/www.elche.es\/va\/2021\/03\/cultura-portara-al-gran-teatre-delx-el-6e-cicle-literari-la-dignitat-de-la-paraula-amb-escriptors-com-a-barbara-blasco-raquel-lanseros-o-mariano-sanchez\/","title":{"rendered":"Cultura portar\u00e0 al Gran Teatre d\u2019Elx el 6\u00e9 cicle literari \u2018La dignitat de la paraula\u2019 amb escriptors com B\u00e0rbara Blasco, Raquel Lanseros o Mariano S\u00e1nchez"},"content":{"rendered":"<div class=\"wpb-content-wrapper\"><p>[vc_row el_id=&#8221;SUBTITULAR_NOTICIA&#8221;][vc_column][vc_column_text]<\/p>\n<hr \/>\n<h4>Marga Ant\u00f3n, regidora de l&#8217;\u00e0rea, afirma que \u201cla nostra intenci\u00f3 \u00e9s que totes les disciplines art\u00edstiques tinguen la seua representaci\u00f3\u201d i assegura que \u201csabem que un cicle literari \u00e9s molt necessari per l&#8217;experi\u00e8ncia d&#8217;anteriors edicions, i que ja compta amb un p\u00fablic fidel\u201d<\/h4>\n<hr \/>\n<p>[\/vc_column_text][\/vc_column][\/vc_row][vc_row el_id=&#8221;TEXTO_NOTICIA&#8221;][vc_column][vc_column_text]La regidora de Cultura, <strong>Marga Ant\u00f3n, al costat de Javier Cebri\u00e1n, president de l&#8217;associaci\u00f3 liter\u00e0ria \u2018Fruits del temps\u2019 , ha presentat el nou cicle literari de \u2018La dignitat de la paraula\u2019 <\/strong>. Aquests col\u00b7loquis literaris se celebraren entre mar\u00e7 i maig d&#8217;enguany al Gran Teatre d\u2019Elx.<\/p>\n<p>Marga Ant\u00f3n ha destacat que \u201ccontinuem amb l&#8217;obstinaci\u00f3 de la Regidoria de donar suport al sector cultural\u201d. Tamb\u00e9 ha ressaltat que \u201cla nostra intenci\u00f3 \u00e9s que totes les disciplines art\u00edstiques tinguen la seua representaci\u00f3. Sabem que un cicle literari \u00e9s molt necessari per l&#8217;experi\u00e8ncia d&#8217;edicions anteriors, i que ja compta amb un p\u00fablic fidel\u201d.[\/vc_column_text][\/vc_column][\/vc_row][vc_row el_id=&#8221;DESTACADO_NOTICIA&#8221;][vc_column][vc_column_text el_class=&#8221;cuadronoticia&#8221;]<\/p>\n<h5>Javier Cebri\u00e1n, president de l&#8217;associaci\u00f3 liter\u00e0ria \u2018Fruits del temps\u2019, indica que \u201chem intentat crear un cicle que tinguera els tres g\u00e8neres literaris: la narrativa, la poesia i l&#8217;assaig\u201d<\/h5>\n<p>[\/vc_column_text][\/vc_column][\/vc_row][vc_row el_id=&#8221;TEXTO_FIN_NOTICIA&#8221;][vc_column][vc_column_text]La programaci\u00f3 del cicle literari \u00e9s la seg\u00fcent: El dijous 11 de mar\u00e7, a les 19.00 hores, assistir\u00e0 B\u00e0rbara Blasco, que va rebre el Premi Tusquets de novel\u00b7la en 2020 i \u00e9s candidata al Premi de la Cr\u00edtica Valenciana 2021. El dijous 8 d&#8217;abril, a les 20.00 hores, Raquel Lanseros ser\u00e0 present. Va obtindre el Premi Nacional de la Cr\u00edtica de Poesia en 2019. Finalment, el dijous 6 de maig a les 20.00 hores, Mariano S\u00e1nchez ser\u00e0 el convidat. \u00c9s candidat al Premi de la Cr\u00edtica Valenciana 2021.<\/p>\n<p>Per la seua part, Javier Cebri\u00e1n ha explicat que \u201cdes de l&#8217;associaci\u00f3 hem creat una edici\u00f3 amb uns autors m\u00e9s pr\u00f2xims\u201d. Tamb\u00e9 ha indicat que \u201chem intentat crear un cicle que tinguera els tres g\u00e8neres literaris: la narrativa, la poesia i l&#8217;assaig\u201d.<\/p>\n<p>La regidora de Cultura ha subratllat que \u201ctots els nostres espais esc\u00e8nics segueixen les normes de seguretat rigorosament. Qualsevol persona que acudisca a un d&#8217;aquests pot estar molt tranquil\u00b7la perqu\u00e8 les mesures de seguretat s\u00f3n excel\u00b7lents\u201d.<\/p>\n<p>Les invitacions per als col\u00b7loquis es troben disponibles a la taquilla del Gran Teatre d\u2019Elx. En el seg\u00fcent enlla\u00e7 es troba la programaci\u00f3 en l\u00ednia:<\/p>\n<p><a href=\"https:\/\/issuu.com\/frutosdeltiempo\/docs\/folleto_la_dignidad_de_la_palabra_2021\" target=\"_blank\" rel=\"noopener noreferrer\">https:\/\/issuu.com\/frutosdeltiempo\/docs\/folleto_la_dignidad_de_la_palabra_2021<\/a><\/p>\n<hr \/>\n<p>[\/vc_column_text][\/vc_column][\/vc_row][vc_row][vc_column][vc_btn title=&#8221;Consulta la programaci\u00f3&#8221; color=&#8221;sky&#8221; align=&#8221;center&#8221; link=&#8221;url:https%3A%2F%2Fissuu.com%2Ffrutosdeltiempo%2Fdocs%2Ffolleto_la_dignidad_de_la_palabra_2021|target:_blank|&#8221; css=&#8221;.vc_custom_1614693000708{margin-top: 20px !important;margin-bottom: 20px !important;}&#8221;][\/vc_column][\/vc_row][vc_row][vc_column width=&#8221;1\/2&#8243;]<audio class=\"sc_audio\" src=\"https:\/\/soundcloud.com\/ayuntamiento-de-elche\/marga-anton-concejala-de-4\" width=\"\" height=\"\"><\/audio>[\/vc_column][vc_column width=&#8221;1\/2&#8243;]<audio class=\"sc_audio\" src=\"https:\/\/soundcloud.com\/ayuntamiento-de-elche\/javier-cebrian\" width=\"\" height=\"\"><\/audio>[\/vc_column][\/vc_row]<\/p>\n<\/div>","protected":false},"excerpt":{"rendered":"<p>[vc_row el_id=&#8221;SUBTITULAR_NOTICIA&#8221;][vc_column][vc_column_text] Marga Ant\u00f3n, regidora de l&#8217;\u00e0rea, afirma que \u201cla nostra intenci\u00f3 \u00e9s que totes les disciplines art\u00edstiques tinguen la seua representaci\u00f3\u201d i assegura que \u201csabem que un cicle literari [&hellip;]<\/p>\n","protected":false},"author":15,"featured_media":137312,"comment_status":"closed","ping_status":"closed","sticky":false,"template":"","format":"standard","meta":{"footnotes":""},"categories":[193,391,1312],"tags":[],"class_list":["post-137333","post","type-post","status-publish","format-standard","has-post-thumbnail","hentry","category-cultura-va","category-home-va","category-noticias-va"],"_links":{"self":[{"href":"https:\/\/www.elche.es\/va\/wp-json\/wp\/v2\/posts\/137333","targetHints":{"allow":["GET"]}}],"collection":[{"href":"https:\/\/www.elche.es\/va\/wp-json\/wp\/v2\/posts"}],"about":[{"href":"https:\/\/www.elche.es\/va\/wp-json\/wp\/v2\/types\/post"}],"author":[{"embeddable":true,"href":"https:\/\/www.elche.es\/va\/wp-json\/wp\/v2\/users\/15"}],"replies":[{"embeddable":true,"href":"https:\/\/www.elche.es\/va\/wp-json\/wp\/v2\/comments?post=137333"}],"version-history":[{"count":0,"href":"https:\/\/www.elche.es\/va\/wp-json\/wp\/v2\/posts\/137333\/revisions"}],"wp:featuredmedia":[{"embeddable":true,"href":"https:\/\/www.elche.es\/va\/wp-json\/wp\/v2\/media\/137312"}],"wp:attachment":[{"href":"https:\/\/www.elche.es\/va\/wp-json\/wp\/v2\/media?parent=137333"}],"wp:term":[{"taxonomy":"category","embeddable":true,"href":"https:\/\/www.elche.es\/va\/wp-json\/wp\/v2\/categories?post=137333"},{"taxonomy":"post_tag","embeddable":true,"href":"https:\/\/www.elche.es\/va\/wp-json\/wp\/v2\/tags?post=137333"}],"curies":[{"name":"wp","href":"https:\/\/api.w.org\/{rel}","templated":true}]}}