{"id":137415,"date":"2021-03-03T10:40:41","date_gmt":"2021-03-03T09:40:41","guid":{"rendered":"https:\/\/www.elche.es\/2021\/03\/tall-de-carrer-blas-valero\/"},"modified":"2021-05-03T12:40:05","modified_gmt":"2021-05-03T11:40:05","slug":"tall-de-carrer-blas-valero","status":"publish","type":"post","link":"https:\/\/www.elche.es\/va\/2021\/03\/tall-de-carrer-blas-valero\/","title":{"rendered":"TALL DE CARRER BLAS VALERO"},"content":{"rendered":"<p>El dijous 4 de mar\u00e7 de 2021, per treballs d&#8217;una grua, al carrer Blas Valero n\u00fam. 67, es procedir\u00e0 a tallar aquest carrer des d&#8217;encreuament amb General Cosid\u00f3. El tall afectaria les l\u00ednia R3 d&#8217;autobusos urbans.<\/p>\n<p>El tall es realitzar\u00e0 entre les 09.00 i les 15.00 hores.<\/p>\n","protected":false},"excerpt":{"rendered":"<p>El dijous 4 de mar\u00e7 de 2021, per treballs d&#8217;una grua, al carrer Blas Valero n\u00fam. 67, es procedir\u00e0 a tallar aquest carrer des d&#8217;encreuament amb General Cosid\u00f3. El tall [&hellip;]<\/p>\n","protected":false},"author":15,"featured_media":137409,"comment_status":"closed","ping_status":"closed","sticky":false,"template":"","format":"standard","meta":{"footnotes":""},"categories":[882,1323],"tags":[],"class_list":["post-137415","post","type-post","status-publish","format-standard","has-post-thumbnail","hentry","category-incidencies-i-avisos","category-policia-local-trafico-va"],"_links":{"self":[{"href":"https:\/\/www.elche.es\/va\/wp-json\/wp\/v2\/posts\/137415","targetHints":{"allow":["GET"]}}],"collection":[{"href":"https:\/\/www.elche.es\/va\/wp-json\/wp\/v2\/posts"}],"about":[{"href":"https:\/\/www.elche.es\/va\/wp-json\/wp\/v2\/types\/post"}],"author":[{"embeddable":true,"href":"https:\/\/www.elche.es\/va\/wp-json\/wp\/v2\/users\/15"}],"replies":[{"embeddable":true,"href":"https:\/\/www.elche.es\/va\/wp-json\/wp\/v2\/comments?post=137415"}],"version-history":[{"count":0,"href":"https:\/\/www.elche.es\/va\/wp-json\/wp\/v2\/posts\/137415\/revisions"}],"wp:featuredmedia":[{"embeddable":true,"href":"https:\/\/www.elche.es\/va\/wp-json\/wp\/v2\/media\/137409"}],"wp:attachment":[{"href":"https:\/\/www.elche.es\/va\/wp-json\/wp\/v2\/media?parent=137415"}],"wp:term":[{"taxonomy":"category","embeddable":true,"href":"https:\/\/www.elche.es\/va\/wp-json\/wp\/v2\/categories?post=137415"},{"taxonomy":"post_tag","embeddable":true,"href":"https:\/\/www.elche.es\/va\/wp-json\/wp\/v2\/tags?post=137415"}],"curies":[{"name":"wp","href":"https:\/\/api.w.org\/{rel}","templated":true}]}}