{"id":137516,"date":"2021-03-03T19:51:10","date_gmt":"2021-03-03T18:51:10","guid":{"rendered":"https:\/\/www.elche.es\/2021\/03\/lajuntament-amplia-fins-al-12-de-marc-el-termini-per-a-demanar-les-ajudes-parentesi-i-eximeix-els-sol%c2%b7licitants-destar-al-corrent-de-les-obligacions-fiscals-i-amb-la-seguretat-social\/"},"modified":"2021-05-03T12:37:38","modified_gmt":"2021-05-03T11:37:38","slug":"lajuntament-amplia-fins-al-12-de-marc-el-termini-per-a-demanar-les-ajudes-parentesi-i-eximeix-els-sol%c2%b7licitants-destar-al-corrent-de-les-obligacions-fiscals-i-amb-la-seguretat-social","status":"publish","type":"post","link":"https:\/\/www.elche.es\/va\/2021\/03\/lajuntament-amplia-fins-al-12-de-marc-el-termini-per-a-demanar-les-ajudes-parentesi-i-eximeix-els-sol%c2%b7licitants-destar-al-corrent-de-les-obligacions-fiscals-i-amb-la-seguretat-social\/","title":{"rendered":"L&#8217;Ajuntament amplia fins al 12 de mar\u00e7 el termini per a demanar les ajudes Par\u00e8ntesi i eximeix els sol\u00b7licitants d&#8217;estar al corrent de les obligacions fiscals i de la Seguretat Social"},"content":{"rendered":"<div class=\"wpb-content-wrapper\"><p>[vc_row el_id=&#8221;SUBTITULAR_NOTICIA&#8221;][vc_column][vc_column_text]<\/p>\n<hr \/>\n<h4>L&#8217;alcalde, Carlos Gonz\u00e1lez, informa que ja s&#8217;han abonat 494.000 euros a 208 peticions i a partir de la setmana que ve es pagaran 735.000 euros a 308 sol\u00b7licitants<\/h4>\n<hr \/>\n<p>[\/vc_column_text][\/vc_column][\/vc_row][vc_row el_id=&#8221;TEXTO_NOTICIA&#8221;][vc_column][vc_column_text]L&#8217;Ajuntament d&#8217;Elx ha <strong>ampliat fins al pr\u00f2xim 12 de mar\u00e7 el termini per a demanar les ajudes Par\u00e8ntesi<\/strong> amb la finalitat que m\u00e9s aut\u00f2noms i micropimes puguen optar a aquestes subvencions de 2.000 euros, impulsades per la Generalitat amb la col\u00b7laboraci\u00f3 del Consistori i la Diputaci\u00f3, i destinades als sectors m\u00e9s afectats per la pand\u00e8mia. Segons ha destacat l&#8217;alcalde, Carlos Gonz\u00e1lez, <strong>es dur\u00e0 a terme la modificaci\u00f3 de les bases per a eximir els sol\u00b7licitants de l&#8217;obligaci\u00f3 d&#8217;estar al corrent en el compliment de les obligacions fiscals i de la Seguretat Social<\/strong>, aix\u00ed com per a possibilitar que es puga entregar la documentaci\u00f3 de manera presencial.<\/p>\n<p>L&#8217;alcalde, que ha estat acompanyat pel regidor de Promoci\u00f3 Econ\u00f2mica, Carles Molina, ha informat que<strong> fins al moment s&#8217;han presentat 1.200 sol\u00b7licituds i d&#8217;aquestes han sigut estimades 731<\/strong>. A m\u00e9s, Gonz\u00e1lez ha indicat que s&#8217;ha abonat 494.000 euros a 208 peticions i a partir de la setmana que ve, es pagaran 735.000 euros a 308 sol\u00b7licitants.[\/vc_column_text][\/vc_column][\/vc_row][vc_row el_id=&#8221;DESTACADO_NOTICIA&#8221;][vc_column][vc_column_text el_class=&#8221;cuadronoticia&#8221;]<\/p>\n<h5>El responsable de l&#8217;Equip de Govern subratlla que \u201cla nostra intenci\u00f3 \u00e9s afavorir que m\u00e9s aut\u00f2noms i pimes tinguen les m\u00e0ximes facilitats per a optar aquestes subvencions directes de 2.000 euros amb la finalitat de pal\u00b7liar les conseq\u00fc\u00e8ncies de la pand\u00e8mia\u201d<\/h5>\n<p>[\/vc_column_text][\/vc_column][\/vc_row][vc_row el_id=&#8221;TEXTO_FIN_NOTICIA&#8221;][vc_column][vc_column_text]<strong>\u201cEntenem que no \u00e9s exigible demanar-los a les pimes que estiguen al corrent de les seues obligacions fiscals en una situaci\u00f3 en la qual s&#8217;ha produ\u00eft una reducci\u00f3 dr\u00e0stica de les seues facturacions\u201d<\/strong>, ha apuntat Gonz\u00e1lez. Tamb\u00e9 ha assenyalat que \u201ca m\u00e9s, s&#8217;ha detectat dificultats a l&#8217;hora de demandar aquestes ajudes mitjan\u00e7ant l&#8217;administraci\u00f3 electr\u00f2nica i per a facilitar el procediment, permetrem que els aut\u00f2noms puguen presentar la documentaci\u00f3 tant presencial com telem\u00e0ticament\u201d.<\/p>\n<p>Per a presentar la documentaci\u00f3 a l&#8217;oficina tramitadora de la Llotja a la Pla\u00e7a de Baix, <strong>els aut\u00f2noms hauran de demanar cita pr\u00e8via telefonant al 966 658 282<\/strong>. Tamb\u00e9 es podr\u00e0 tramitar en la seu electr\u00f2nica de l&#8217;Ajuntament: <a href=\"http:\/\/sede.elche.es\">seu.elx.es<\/a>.<\/p>\n<hr \/>\n<p>[\/vc_column_text][\/vc_column][\/vc_row][vc_row][vc_column][vc_btn title=&#8221;Accedeix a les ajudes&#8221; color=&#8221;sky&#8221; align=&#8221;center&#8221; link=&#8221;url:https%3A%2F%2Fwww.elche.es%2Fparentesis|target:_blank|&#8221; css=&#8221;.vc_custom_1614779933926{margin-top: 20px !important;margin-bottom: 20px !important;}&#8221;][\/vc_column][\/vc_row][vc_row][vc_column width=&#8221;1\/6&#8243;][\/vc_column][vc_column width=&#8221;2\/3&#8243;]<audio class=\"sc_audio\" src=\"https:\/\/soundcloud.com\/ayuntamiento-de-elche\/carlos-gonzalez-289878378\" width=\"\" height=\"\"><\/audio>[\/vc_column][vc_column width=&#8221;1\/6&#8243;][\/vc_column][\/vc_row]<\/p>\n<\/div>","protected":false},"excerpt":{"rendered":"<p>[vc_row el_id=&#8221;SUBTITULAR_NOTICIA&#8221;][vc_column][vc_column_text] L&#8217;alcalde, Carlos Gonz\u00e1lez, informa que ja s&#8217;han abonat 494.000 euros a 208 peticions i a partir de la setmana que ve es pagaran 735.000 euros a 308 sol\u00b7licitants [&hellip;]<\/p>\n","protected":false},"author":15,"featured_media":137476,"comment_status":"closed","ping_status":"closed","sticky":false,"template":"","format":"standard","meta":{"footnotes":""},"categories":[2735,391,1312],"tags":[],"class_list":["post-137516","post","type-post","status-publish","format-standard","has-post-thumbnail","hentry","category-elcheemprende-va","category-home-va","category-noticias-va"],"_links":{"self":[{"href":"https:\/\/www.elche.es\/va\/wp-json\/wp\/v2\/posts\/137516","targetHints":{"allow":["GET"]}}],"collection":[{"href":"https:\/\/www.elche.es\/va\/wp-json\/wp\/v2\/posts"}],"about":[{"href":"https:\/\/www.elche.es\/va\/wp-json\/wp\/v2\/types\/post"}],"author":[{"embeddable":true,"href":"https:\/\/www.elche.es\/va\/wp-json\/wp\/v2\/users\/15"}],"replies":[{"embeddable":true,"href":"https:\/\/www.elche.es\/va\/wp-json\/wp\/v2\/comments?post=137516"}],"version-history":[{"count":0,"href":"https:\/\/www.elche.es\/va\/wp-json\/wp\/v2\/posts\/137516\/revisions"}],"wp:featuredmedia":[{"embeddable":true,"href":"https:\/\/www.elche.es\/va\/wp-json\/wp\/v2\/media\/137476"}],"wp:attachment":[{"href":"https:\/\/www.elche.es\/va\/wp-json\/wp\/v2\/media?parent=137516"}],"wp:term":[{"taxonomy":"category","embeddable":true,"href":"https:\/\/www.elche.es\/va\/wp-json\/wp\/v2\/categories?post=137516"},{"taxonomy":"post_tag","embeddable":true,"href":"https:\/\/www.elche.es\/va\/wp-json\/wp\/v2\/tags?post=137516"}],"curies":[{"name":"wp","href":"https:\/\/api.w.org\/{rel}","templated":true}]}}