{"id":137549,"date":"2021-03-04T09:37:42","date_gmt":"2021-03-04T08:37:42","guid":{"rendered":"https:\/\/www.elche.es\/2021\/03\/lalcalde-gestiona-la-implicacio-del-ministeri-de-cultura-en-la-rehabilitacio-de-la-basilica-de-santa-maria\/"},"modified":"2021-05-03T12:37:27","modified_gmt":"2021-05-03T11:37:27","slug":"lalcalde-gestiona-la-implicacio-del-ministeri-de-cultura-en-la-rehabilitacio-de-la-basilica-de-santa-maria","status":"publish","type":"post","link":"https:\/\/www.elche.es\/va\/2021\/03\/lalcalde-gestiona-la-implicacio-del-ministeri-de-cultura-en-la-rehabilitacio-de-la-basilica-de-santa-maria\/","title":{"rendered":"L&#8217;alcalde gestiona la implicaci\u00f3 del Ministeri de Cultura en la rehabilitaci\u00f3 de la bas\u00edlica de Santa Maria"},"content":{"rendered":"<div class=\"wpb-content-wrapper\"><p>[vc_row el_id=&#8221;SUBTITULAR_NOTICIA&#8221;][vc_column][vc_column_text]<\/p>\n<hr \/>\n<h4>Carlos Gonz\u00e1lez al costat de les regidores de Cultura, Marga Ant\u00f3n, i d&#8217;Urbanisme, Ana Arabid, es reuneix amb el vicari episcopal, Jos\u00e9 Antonio Valero; el rector de Santa Maria, \u00c1ngel Bonav\u00eda; i el president del Misteri, Francisco Borja Miralles; per a informar-los de les gestions realitzades de cara a la reparaci\u00f3 del temple<\/h4>\n<hr \/>\n<p>&nbsp;[\/vc_column_text][\/vc_column][\/vc_row][vc_row el_id=&#8221;TEXTO_NOTICIA&#8221;][vc_column][vc_column_text]L&#8217;alcalde, Carlos Gonz\u00e1lez, al costat de les regidores de Cultura, Marga Ant\u00f3n, i d&#8217;Urbanisme, Ana Arabid, ha mantingut\u00a0 una reuni\u00f3 amb el vicari episcopal, Jos\u00e9 Antonio Valero; el rector de Santa Maria, \u00c1ngel Bonav\u00eda; i el president del Misteri, Francisco Borja Miralles; per a analitzar l&#8217;actual estat del temple i per a posar en coneixement dels responsables eclesi\u00e0stics les gestions que des de l&#8217;Ajuntament s&#8217;estan duent a terme per a aconseguir implicar el Ministeri de Cultura en la rehabilitaci\u00f3 de la bas\u00edlica de Santa Maria.<\/p>\n<p>\u201c<strong>Hem formalitzat per escrit una petici\u00f3 expressa al Ministeri i a la direcci\u00f3 general de Patrimoni i Belles arts amb la finalitat que s&#8217;implique en el finan\u00e7ament de les obres que es determinen necess\u00e0ries d&#8217;aquesta infraestructura<\/strong> amb un important valor cultural, ja que acull la representaci\u00f3 del Misteri d\u2019Elx\u201d, ha destacat l&#8217;alcalde.<\/p>\n<p><strong>En la carta, l&#8217;alcalde esmenta que \u201cen l&#8217;actualitat aquest edifici presenta un avan\u00e7at estat de deterioraci\u00f3 de la pedra utilitzada en la seua construcci\u00f3.<\/strong> Algunes zones com la fa\u00e7ana principal, les cornises i les terrasses interiors presenten un desgast que podria implicar, fins i tot, un perill real de despreniment, la qual cosa ha obligat a instal\u00b7lar xarxes de protecci\u00f3 en diferents zones de la bas\u00edlica davant la possibilitat de caigudes de fragments a la via p\u00fablica\u201d.<\/p>\n<p>\u201cEl Mister d\u2019Elx va ser en 2001 el primer Ben Cultural de l&#8217;Estat Espanyol i declarat per la Unesco \u201cObra Mestra del Patrimoni Cutural Immaterial de la Humanitat\u201d, per la qual cosa \u00e9s l\u00f2gica la nostra preocupaci\u00f3 davant el deficient estat del temple, que ha sigut durant segles l&#8217;espai esc\u00e8nic propi d&#8217;aquesta representaci\u00f3 i per aix\u00f2, entenem que cal frenar la deterioraci\u00f3 amb la finalitat d&#8217;evitar que el seu agreujament poguera comportar una amena\u00e7a per al patrimoni\u201d, ha destacat Gonz\u00e1lez.<\/p>\n<p>A m\u00e9s, s<strong>egons ha avan\u00e7at el responsable de l&#8217;Equip de Govern, l&#8217;Esgl\u00e9sia tamb\u00e9 est\u00e0 treballant en un Pla Director on es reflectisquen les actuacions per a dur a terme la conservaci\u00f3 del temple<\/strong> i a m\u00e9s, ha iniciat l&#8217;expedient per a poder declarar B\u00e9 d&#8217;Inter\u00e9s Cultural l&#8217;edifici, per al que l&#8217;Ajuntament haur\u00e0 d&#8217;elaborar un informe on es reflectisca el valor patrimonial del mateix que es desenvolupar\u00e0 amb la m\u00e0xima celeritat possible.<\/p>\n<hr \/>\n<p>&nbsp;[\/vc_column_text][\/vc_column][\/vc_row][vc_row][vc_column][vc_gallery type=&#8221;flexslider_slide&#8221; interval=&#8221;5&#8243; images=&#8221;137493,137495,137497&#8243; img_size=&#8221;full&#8221;][\/vc_column][\/vc_row][vc_row][vc_column width=&#8221;1\/6&#8243;][\/vc_column][vc_column width=&#8221;2\/3&#8243;]<audio class=\"sc_audio\" src=\"https:\/\/soundcloud.com\/ayuntamiento-de-elche\/carlos-gonzalez-323487574\" width=\"\" height=\"\"><\/audio>[\/vc_column][vc_column width=&#8221;1\/6&#8243;][\/vc_column][\/vc_row]<\/p>\n<\/div>","protected":false},"excerpt":{"rendered":"<p>[vc_row el_id=&#8221;SUBTITULAR_NOTICIA&#8221;][vc_column][vc_column_text] Carlos Gonz\u00e1lez al costat de les regidores de Cultura, Marga Ant\u00f3n, i d&#8217;Urbanisme, Ana Arabid, es reuneix amb el vicari episcopal, Jos\u00e9 Antonio Valero; el rector de Santa [&hellip;]<\/p>\n","protected":false},"author":15,"featured_media":137490,"comment_status":"closed","ping_status":"closed","sticky":false,"template":"","format":"standard","meta":{"footnotes":""},"categories":[193,391,1312,210],"tags":[],"class_list":["post-137549","post","type-post","status-publish","format-standard","has-post-thumbnail","hentry","category-cultura-va","category-home-va","category-noticias-va","category-urbanisme-va"],"_links":{"self":[{"href":"https:\/\/www.elche.es\/va\/wp-json\/wp\/v2\/posts\/137549","targetHints":{"allow":["GET"]}}],"collection":[{"href":"https:\/\/www.elche.es\/va\/wp-json\/wp\/v2\/posts"}],"about":[{"href":"https:\/\/www.elche.es\/va\/wp-json\/wp\/v2\/types\/post"}],"author":[{"embeddable":true,"href":"https:\/\/www.elche.es\/va\/wp-json\/wp\/v2\/users\/15"}],"replies":[{"embeddable":true,"href":"https:\/\/www.elche.es\/va\/wp-json\/wp\/v2\/comments?post=137549"}],"version-history":[{"count":0,"href":"https:\/\/www.elche.es\/va\/wp-json\/wp\/v2\/posts\/137549\/revisions"}],"wp:featuredmedia":[{"embeddable":true,"href":"https:\/\/www.elche.es\/va\/wp-json\/wp\/v2\/media\/137490"}],"wp:attachment":[{"href":"https:\/\/www.elche.es\/va\/wp-json\/wp\/v2\/media?parent=137549"}],"wp:term":[{"taxonomy":"category","embeddable":true,"href":"https:\/\/www.elche.es\/va\/wp-json\/wp\/v2\/categories?post=137549"},{"taxonomy":"post_tag","embeddable":true,"href":"https:\/\/www.elche.es\/va\/wp-json\/wp\/v2\/tags?post=137549"}],"curies":[{"name":"wp","href":"https:\/\/api.w.org\/{rel}","templated":true}]}}