{"id":137733,"date":"2021-03-04T19:32:52","date_gmt":"2021-03-04T18:32:52","guid":{"rendered":"https:\/\/www.elche.es\/2021\/03\/lajuntament-llanca-connectant-generacions-per-a-acostar-joves-i-majors-amb-activitats-adaptades-a-la-pandemia\/"},"modified":"2021-05-03T12:36:12","modified_gmt":"2021-05-03T11:36:12","slug":"lajuntament-llanca-connectant-generacions-per-a-acostar-joves-i-majors-amb-activitats-adaptades-a-la-pandemia","status":"publish","type":"post","link":"https:\/\/www.elche.es\/va\/2021\/03\/lajuntament-llanca-connectant-generacions-per-a-acostar-joves-i-majors-amb-activitats-adaptades-a-la-pandemia\/","title":{"rendered":"L&#8217;Ajuntament llan\u00e7a &#8216;Connectant Generacions&#8217; per a acostar joves i majors amb activitats adaptades a la pand\u00e8mia"},"content":{"rendered":"<div class=\"wpb-content-wrapper\"><p>[vc_row el_id=&#8221;SUBTITULAR_NOTICIA&#8221;][vc_column][vc_column_text]<\/p>\n<hr \/>\n<h4>El projecte compta amb un total de quatre v\u00eddeos en els quals s&#8217;aborden temes com igualtat, m\u00fasica, tradicions i cultura<\/h4>\n<hr \/>\n<p>[\/vc_column_text][\/vc_column][\/vc_row][vc_row el_id=&#8221;TEXTO_NOTICIA&#8221;][vc_column][vc_column_text]<strong>L&#8217;Ajuntament d&#8217;Elx, amb el suport de les Regidories de Majors i Joventut, llan\u00e7a &#8216;Connectant Generacions&#8217;<\/strong>, un projecte que s&#8217;inclou dins de &#8216;Generaci\u00f3 i&#8217; i que pret\u00e9n <strong>acostar joves i majors amb activitats adaptades a la pand\u00e8mia<\/strong>.<\/p>\n<p>En aquest sentit,<strong> les Regidories han creat &#8216;Connectant Generacions&#8217;, un canal intergeneracional de YouTube que cont\u00e9 una s\u00e8rie de cap\u00edtols, que s&#8217;aniran estrenant setmanalment, en els quals joves i majors parlen de temes vivencials des d&#8217;un prisma intergeneracional.<\/strong> Aix\u00ed mateix, tamb\u00e9 s&#8217;ha procedit a canviar les trobades setmanals i presencials entre generacions a trobades a trav\u00e9s de la pantalla.[\/vc_column_text][\/vc_column][\/vc_row][vc_row el_id=&#8221;DESTACADO_NOTICIA&#8221;][vc_column][vc_column_text el_class=&#8221;cuadronoticia&#8221;]<\/p>\n<h5>Els cap\u00edtols s&#8217;estrenaran setmanalment en la p\u00e0gina de YouTube de l&#8217;Ajuntament<\/h5>\n<p>[\/vc_column_text][\/vc_column][\/vc_row][vc_row el_id=&#8221;TEXTO_FIN_NOTICIA&#8221;][vc_column][vc_column_text]La regidora de Joventut, Marga Ant\u00f3n, ha assegurat que <strong>en els v\u00eddeos s&#8217;aborden diversos temes d&#8217;inter\u00e9s<\/strong> per a totes les generacions, en els quals el jove i el major expressen d&#8217;una forma distesa i espont\u00e0nia les seues viv\u00e8ncies, inquietuds i interessos. D&#8217;aquesta manera, la representant de Majors, Puri Vives, ha explicat que en els v\u00eddeos <strong>es tracta la igualtat, les tradicions i els costums il\u00b7licitans, la m\u00fasica i la costura<\/strong>.<\/p>\n<p><strong>Totes dues regidores han animat la societat il\u00b7licitana a visualitzar el primer v\u00eddeo que s&#8217;estrena hui, dia 4 de mar\u00e7,<\/strong> a trav\u00e9s de la p\u00e0gina de YouTube de l&#8217;Ajuntament d&#8217;Elx i que tracta el tema de la igualtat.<\/p>\n<hr \/>\n<p>[\/vc_column_text][vc_video link=&#8221;https:\/\/youtu.be\/qa46eXN5zSo&#8221; align=&#8221;center&#8221;][\/vc_column][\/vc_row][vc_row][vc_column width=&#8221;1\/2&#8243;]<audio class=\"sc_audio\" src=\"https:\/\/soundcloud.com\/ayuntamiento-de-elche\/puri-vives-concejala-de-mayores-2\" width=\"\" height=\"\"><\/audio>[\/vc_column][vc_column width=&#8221;1\/2&#8243;]<audio class=\"sc_audio\" src=\"https:\/\/soundcloud.com\/ayuntamiento-de-elche\/marga-anton-concejala-de-juventud-3\" width=\"\" height=\"\"><\/audio>[\/vc_column][\/vc_row]<\/p>\n<\/div>","protected":false},"excerpt":{"rendered":"<p>[vc_row el_id=&#8221;SUBTITULAR_NOTICIA&#8221;][vc_column][vc_column_text] El projecte compta amb un total de quatre v\u00eddeos en els quals s&#8217;aborden temes com igualtat, m\u00fasica, tradicions i cultura [\/vc_column_text][\/vc_column][\/vc_row][vc_row el_id=&#8221;TEXTO_NOTICIA&#8221;][vc_column][vc_column_text]L&#8217;Ajuntament d&#8217;Elx, amb el suport de les [&hellip;]<\/p>\n","protected":false},"author":15,"featured_media":137709,"comment_status":"closed","ping_status":"closed","sticky":false,"template":"","format":"standard","meta":{"footnotes":""},"categories":[391,215,890,1312],"tags":[],"class_list":["post-137733","post","type-post","status-publish","format-standard","has-post-thumbnail","hentry","category-home-va","category-joventut","category-mayores-va","category-noticias-va"],"_links":{"self":[{"href":"https:\/\/www.elche.es\/va\/wp-json\/wp\/v2\/posts\/137733","targetHints":{"allow":["GET"]}}],"collection":[{"href":"https:\/\/www.elche.es\/va\/wp-json\/wp\/v2\/posts"}],"about":[{"href":"https:\/\/www.elche.es\/va\/wp-json\/wp\/v2\/types\/post"}],"author":[{"embeddable":true,"href":"https:\/\/www.elche.es\/va\/wp-json\/wp\/v2\/users\/15"}],"replies":[{"embeddable":true,"href":"https:\/\/www.elche.es\/va\/wp-json\/wp\/v2\/comments?post=137733"}],"version-history":[{"count":0,"href":"https:\/\/www.elche.es\/va\/wp-json\/wp\/v2\/posts\/137733\/revisions"}],"wp:featuredmedia":[{"embeddable":true,"href":"https:\/\/www.elche.es\/va\/wp-json\/wp\/v2\/media\/137709"}],"wp:attachment":[{"href":"https:\/\/www.elche.es\/va\/wp-json\/wp\/v2\/media?parent=137733"}],"wp:term":[{"taxonomy":"category","embeddable":true,"href":"https:\/\/www.elche.es\/va\/wp-json\/wp\/v2\/categories?post=137733"},{"taxonomy":"post_tag","embeddable":true,"href":"https:\/\/www.elche.es\/va\/wp-json\/wp\/v2\/tags?post=137733"}],"curies":[{"name":"wp","href":"https:\/\/api.w.org\/{rel}","templated":true}]}}