{"id":138011,"date":"2021-03-05T19:02:49","date_gmt":"2021-03-05T18:02:49","guid":{"rendered":"https:\/\/www.elche.es\/2021\/03\/carlos-gonzalez-la-cessio-temporal-de-la-dama-delx-suposara-una-palanca-per-a-la-recuperacio-del-sector-turistic\/"},"modified":"2021-05-03T12:34:54","modified_gmt":"2021-05-03T11:34:54","slug":"carlos-gonzalez-la-cessio-temporal-de-la-dama-delx-suposara-una-palanca-per-a-la-recuperacio-del-sector-turistic","status":"publish","type":"post","link":"https:\/\/www.elche.es\/va\/2021\/03\/carlos-gonzalez-la-cessio-temporal-de-la-dama-delx-suposara-una-palanca-per-a-la-recuperacio-del-sector-turistic\/","title":{"rendered":"Carlos Gonz\u00e1lez: &#8220;La cessi\u00f3 temporal de la Dama d&#8217;Elx suposar\u00e0 una palanca per a la recuperaci\u00f3 del sector tur\u00edstic"},"content":{"rendered":"<div class=\"wpb-content-wrapper\"><p>[vc_row el_id=&#8221;SUBTITULAR_NOTICIA&#8221;][vc_column][vc_column_text]<\/p>\n<hr \/>\n<h4>L&#8217;alcalde d&#8217;Elx considera que la via oberta pel ministre de Cultura, Jos\u00e9 Manuel Rodr\u00edguez Uribes, podria fer efectiu el retorn del bust ib\u00e8ric en la Setmana Santa del pr\u00f2xim any en una exposici\u00f3 amb unes 40 peces m\u00e9s<\/h4>\n<hr \/>\n<p>[\/vc_column_text][\/vc_column][\/vc_row][vc_row el_id=&#8221;TEXTO_NOTICIA&#8221;][vc_column][vc_column_text]L&#8217;alcalde d&#8217;Elx, <strong>Carlos Gonz\u00e1lez, ha volgut fer una valoraci\u00f3 molt positiva sobre la posici\u00f3 favorable del ministre de Cultura<\/strong>, Jos\u00e9 Manuel Rodr\u00edguez Uribes, <strong>perqu\u00e8 la Dama d&#8217;Elx puga tornar temporalment a la ciutat<\/strong>. En aquest sentit, la cessi\u00f3 de la Dama es podria fer efectiva en la Setmana Santa del pr\u00f2xim any en una exposici\u00f3 d&#8217;art iber que suposar\u00e0 una palanca per a la recuperaci\u00f3 del sector tur\u00edstic.<\/p>\n<p>&#8220;<strong>La postura del ministre ens permet continuar treballant com a Ajuntament de la ciutat amb l&#8217;objectiu d&#8217;aconseguir una cessi\u00f3 temporal de la Dama l&#8217;any 2022<\/strong>; una cessi\u00f3 temporal plantejada en els mateixos termes en els quals vam treballar en la comissi\u00f3 bilateral composta per la Generalitat i l&#8217;Ajuntament&#8221;, ha assegurat Gonz\u00e1lez.<\/p>\n<p>Aix\u00ed mateix, l&#8217;alcalde ha avan\u00e7at que <strong>no es tractar\u00e0 d&#8217;una exposici\u00f3 de pe\u00e7a \u00fanica, sin\u00f3 d&#8217;una gran mostra d&#8217;art iber que comptar\u00e0 amb unes 40 peces<\/strong>. &#8220;Cultura ja ha mantingut converses amb la Fundaci\u00f3 Universit\u00e0ria L&#8217;Alc\u00fadia perqu\u00e8 puguen cedir a l&#8217;exposici\u00f3 peces locals i del context de la Dama&#8221;, precisa Gonz\u00e1lez.<\/p>\n<p>&#8220;Estem conven\u00e7uts que la cessi\u00f3 temporal de la Dama ser\u00e0 un element que impulse d&#8217;una forma extraordin\u00e0riament notable la visibilitat nacional i internacional de la nostra ciutat per a, aix\u00ed, estimular un sector que \u00e9s clau per a l&#8217;activitat econ\u00f2mica i l&#8217;ocupaci\u00f3&#8221;, ha concl\u00f2s l&#8217;alcalde.<\/p>\n<hr \/>\n<p>[\/vc_column_text][\/vc_column][\/vc_row][vc_row][vc_column width=&#8221;1\/6&#8243;][\/vc_column][vc_column width=&#8221;2\/3&#8243;]<audio class=\"sc_audio\" src=\"https:\/\/soundcloud.com\/ayuntamiento-de-elche\/carlos-gonzalez-327741224\" width=\"\" height=\"\"><\/audio>[\/vc_column][vc_column width=&#8221;1\/6&#8243;][\/vc_column][\/vc_row]<\/p>\n<\/div>","protected":false},"excerpt":{"rendered":"<p>[vc_row el_id=&#8221;SUBTITULAR_NOTICIA&#8221;][vc_column][vc_column_text] L&#8217;alcalde d&#8217;Elx considera que la via oberta pel ministre de Cultura, Jos\u00e9 Manuel Rodr\u00edguez Uribes, podria fer efectiu el retorn del bust ib\u00e8ric en la Setmana Santa del [&hellip;]<\/p>\n","protected":false},"author":15,"featured_media":137979,"comment_status":"closed","ping_status":"closed","sticky":false,"template":"","format":"standard","meta":{"footnotes":""},"categories":[193,391,454,1312],"tags":[],"class_list":["post-138011","post","type-post","status-publish","format-standard","has-post-thumbnail","hentry","category-cultura-va","category-home-va","category-museus","category-noticias-va"],"_links":{"self":[{"href":"https:\/\/www.elche.es\/va\/wp-json\/wp\/v2\/posts\/138011","targetHints":{"allow":["GET"]}}],"collection":[{"href":"https:\/\/www.elche.es\/va\/wp-json\/wp\/v2\/posts"}],"about":[{"href":"https:\/\/www.elche.es\/va\/wp-json\/wp\/v2\/types\/post"}],"author":[{"embeddable":true,"href":"https:\/\/www.elche.es\/va\/wp-json\/wp\/v2\/users\/15"}],"replies":[{"embeddable":true,"href":"https:\/\/www.elche.es\/va\/wp-json\/wp\/v2\/comments?post=138011"}],"version-history":[{"count":0,"href":"https:\/\/www.elche.es\/va\/wp-json\/wp\/v2\/posts\/138011\/revisions"}],"wp:featuredmedia":[{"embeddable":true,"href":"https:\/\/www.elche.es\/va\/wp-json\/wp\/v2\/media\/137979"}],"wp:attachment":[{"href":"https:\/\/www.elche.es\/va\/wp-json\/wp\/v2\/media?parent=138011"}],"wp:term":[{"taxonomy":"category","embeddable":true,"href":"https:\/\/www.elche.es\/va\/wp-json\/wp\/v2\/categories?post=138011"},{"taxonomy":"post_tag","embeddable":true,"href":"https:\/\/www.elche.es\/va\/wp-json\/wp\/v2\/tags?post=138011"}],"curies":[{"name":"wp","href":"https:\/\/api.w.org\/{rel}","templated":true}]}}