{"id":13876,"date":"2017-02-13T11:32:16","date_gmt":"2017-02-13T10:32:16","guid":{"rendered":"http:\/\/www.elche.es\/va\/2017\/02\/entrega-de-los-premios-de-la-carrera-contra-el-cancer\/"},"modified":"2017-02-13T12:52:37","modified_gmt":"2017-02-13T11:52:37","slug":"entrega-de-los-premios-de-la-carrera-contra-el-cancer","status":"publish","type":"post","link":"https:\/\/www.elche.es\/va\/2017\/02\/entrega-de-los-premios-de-la-carrera-contra-el-cancer\/","title":{"rendered":"Entrega dels premis de la carrera contra el c\u00e0ncer"},"content":{"rendered":"<p>L\u2019alcalde, Carlos Gonz\u00e1lez, el regidor d\u2019Esports, Jes\u00fas Pareja, i la regidora de Benestar Social, Teresa Maci\u00e0, han entregat este mat\u00ed els premis als guanyadors de la carrera contra el c\u00e0ncer organitzada per l\u2019Associaci\u00f3 Espanyola contra el C\u00e0ncer.<br \/>\nM\u00e9s de 2.000 persones han participat en esta festa de l\u2019esport solidari. Les guanyadores en categoria absoluta femenina han sigut \u00c1ngela Mart\u00ednez, Rebeca Pacheco i Vanessa Vidal.<br \/>\nEn categoria absoluta masculina els tres primers llocs han sigut per a Vicente Maci\u00e0, Jos\u00e9 Antonio Casanova i Francisco Carpena.<\/p>\n","protected":false},"excerpt":{"rendered":"<p>L\u2019alcalde, Carlos Gonz\u00e1lez, el regidor d\u2019Esports, Jes\u00fas Pareja, i la regidora de Benestar Social, Teresa Maci\u00e0, han entregat este mat\u00ed els premis als guanyadors de la carrera contra el c\u00e0ncer [&hellip;]<\/p>\n","protected":false},"author":131,"featured_media":13865,"comment_status":"closed","ping_status":"closed","sticky":false,"template":"","format":"standard","meta":{"footnotes":""},"categories":[161,187,391],"tags":[],"class_list":["post-13876","post","type-post","status-publish","format-standard","has-post-thumbnail","hentry","category-ajuntament","category-esports","category-home-va"],"_links":{"self":[{"href":"https:\/\/www.elche.es\/va\/wp-json\/wp\/v2\/posts\/13876","targetHints":{"allow":["GET"]}}],"collection":[{"href":"https:\/\/www.elche.es\/va\/wp-json\/wp\/v2\/posts"}],"about":[{"href":"https:\/\/www.elche.es\/va\/wp-json\/wp\/v2\/types\/post"}],"author":[{"embeddable":true,"href":"https:\/\/www.elche.es\/va\/wp-json\/wp\/v2\/users\/131"}],"replies":[{"embeddable":true,"href":"https:\/\/www.elche.es\/va\/wp-json\/wp\/v2\/comments?post=13876"}],"version-history":[{"count":0,"href":"https:\/\/www.elche.es\/va\/wp-json\/wp\/v2\/posts\/13876\/revisions"}],"wp:featuredmedia":[{"embeddable":true,"href":"https:\/\/www.elche.es\/va\/wp-json\/wp\/v2\/media\/13865"}],"wp:attachment":[{"href":"https:\/\/www.elche.es\/va\/wp-json\/wp\/v2\/media?parent=13876"}],"wp:term":[{"taxonomy":"category","embeddable":true,"href":"https:\/\/www.elche.es\/va\/wp-json\/wp\/v2\/categories?post=13876"},{"taxonomy":"post_tag","embeddable":true,"href":"https:\/\/www.elche.es\/va\/wp-json\/wp\/v2\/tags?post=13876"}],"curies":[{"name":"wp","href":"https:\/\/api.w.org\/{rel}","templated":true}]}}