{"id":13897,"date":"2017-02-13T10:21:38","date_gmt":"2017-02-13T09:21:38","guid":{"rendered":"http:\/\/www.elche.es\/va\/2017\/02\/el-ayuntamiento-apuesta-por-el-turismo-de-caravana\/"},"modified":"2017-02-13T13:48:14","modified_gmt":"2017-02-13T12:48:14","slug":"el-ayuntamiento-apuesta-por-el-turismo-de-caravana","status":"publish","type":"post","link":"https:\/\/www.elche.es\/va\/2017\/02\/el-ayuntamiento-apuesta-por-el-turismo-de-caravana\/","title":{"rendered":"L&#8217;Ajuntament aposta pel turisme de caravana"},"content":{"rendered":"<blockquote><p>L\u2019alcalde i la regidora de Turisme visiten <em>Caravaning<\/em> en la seua jornada inaugural<\/p><\/blockquote>\n<p>L\u2019alcalde, Carlos Gonz\u00e1lez, i la regidora de Turisme, Mireia Moll\u00e0, han assistit este mat\u00ed a <em>Caravaning<\/em>, la Fira del Caravaning i el Temps Lliure que hui ha obert les seues portes en la IFA.<br \/>\nTant Gonz\u00e1lez com Moll\u00e0 han volgut donar el seu suport a un sector amb una important pres\u00e8ncia a Elx.<br \/>\n\u201cPer a nosaltres \u00e9s fonamental, no solament perqu\u00e8 disposen d\u2019empreses que es dediquen a la venda de caravanes, perqu\u00e8 IFA \u00e9s el nostre referent quant a fires i el sector tur\u00edstic hi participa per aix\u00f2\u201d, ha dit Mireia Moll\u00e0, que ha afegit que \u201cla nostra intenci\u00f3 \u00e9s promoure este turisme de caravanes que cada dia mou milers de persones i va en augment. No hi ha res millor com vindre a municipis com Elx a disfrutar de la nostra costa i dels nostres valors patrimonials\u201d.<br \/>\n\u201cEsta fira coincidix amb esta aposta decisiva que esta fent l\u2019Ajuntament d\u2019Elx per profunditzar en el turisme de caravana i no solament a fi que vinguen sin\u00f3 perqu\u00e8 altres sectors econ\u00f2mics vinculats al sector ho facen tamb\u00e9\u201d, ha concl\u00f2s Moll\u00e0.<\/p>\n","protected":false},"excerpt":{"rendered":"<p>L\u2019alcalde i la regidora de Turisme visiten Caravaning en la seua jornada inaugural L\u2019alcalde, Carlos Gonz\u00e1lez, i la regidora de Turisme, Mireia Moll\u00e0, han assistit este mat\u00ed a Caravaning, la [&hellip;]<\/p>\n","protected":false},"author":131,"featured_media":13857,"comment_status":"closed","ping_status":"closed","sticky":false,"template":"","format":"standard","meta":{"footnotes":""},"categories":[161,228],"tags":[],"class_list":["post-13897","post","type-post","status-publish","format-standard","has-post-thumbnail","hentry","category-ajuntament","category-turisme-va"],"_links":{"self":[{"href":"https:\/\/www.elche.es\/va\/wp-json\/wp\/v2\/posts\/13897","targetHints":{"allow":["GET"]}}],"collection":[{"href":"https:\/\/www.elche.es\/va\/wp-json\/wp\/v2\/posts"}],"about":[{"href":"https:\/\/www.elche.es\/va\/wp-json\/wp\/v2\/types\/post"}],"author":[{"embeddable":true,"href":"https:\/\/www.elche.es\/va\/wp-json\/wp\/v2\/users\/131"}],"replies":[{"embeddable":true,"href":"https:\/\/www.elche.es\/va\/wp-json\/wp\/v2\/comments?post=13897"}],"version-history":[{"count":0,"href":"https:\/\/www.elche.es\/va\/wp-json\/wp\/v2\/posts\/13897\/revisions"}],"wp:featuredmedia":[{"embeddable":true,"href":"https:\/\/www.elche.es\/va\/wp-json\/wp\/v2\/media\/13857"}],"wp:attachment":[{"href":"https:\/\/www.elche.es\/va\/wp-json\/wp\/v2\/media?parent=13897"}],"wp:term":[{"taxonomy":"category","embeddable":true,"href":"https:\/\/www.elche.es\/va\/wp-json\/wp\/v2\/categories?post=13897"},{"taxonomy":"post_tag","embeddable":true,"href":"https:\/\/www.elche.es\/va\/wp-json\/wp\/v2\/tags?post=13897"}],"curies":[{"name":"wp","href":"https:\/\/api.w.org\/{rel}","templated":true}]}}