{"id":13900,"date":"2017-02-13T12:57:50","date_gmt":"2017-02-13T11:57:50","guid":{"rendered":"http:\/\/www.elche.es\/va\/2017\/02\/mas-de-un-millar-de-estudiantes-participaron-en-los-talleres-de-prevencion-de-conductas-adictivas-en-2016\/"},"modified":"2017-02-13T14:05:59","modified_gmt":"2017-02-13T13:05:59","slug":"mas-de-un-millar-de-estudiantes-participaron-en-los-talleres-de-prevencion-de-conductas-adictivas-en-2016","status":"publish","type":"post","link":"https:\/\/www.elche.es\/va\/2017\/02\/mas-de-un-millar-de-estudiantes-participaron-en-los-talleres-de-prevencion-de-conductas-adictivas-en-2016\/","title":{"rendered":"M\u00e9s d&#8217;un miler d&#8217;estudiants particip\u00e0 en els tallers de prevenci\u00f3 de conductes addictives en 2016"},"content":{"rendered":"<blockquote><p>La regidora de Benestar Social ha ressaltat que el consum excessiu de noves tecnologies \u00e9s una addicci\u00f3 que tamb\u00e9 cal evitar<\/p><\/blockquote>\n<p>La regidora de Benestar Social, Teresa Maci\u00e0, ha presentat este mat\u00ed les dades sobre els tallers de prevenci\u00f3 de conductes addictives de 2016. Concretament, en els instituts d\u2019Elx, s\u2019ha realitzat un total de 37 tallers en els quals han participat 1.034 estudiants.<\/p>\n<p>\u201cAmb estos tallers volem establir accions preventives de conductes addictives i promoci\u00f3 d\u2019h\u00e0bits saludables\u201d, ha exposat la regidora de Benestar Social, que ha afegit que quan es parla d\u2019addiccions no solament es parla de drogues sin\u00f3 tamb\u00e9 de depend\u00e8ncia a noves tecnologies.<\/p>\n<p>Aix\u00ed mateix, de cara als pr\u00f2xims anys es dur\u00e0 a terme un Pla Municipal que es desplegar\u00e0 del 2017 al 2020 per previndre les conductes addictives. Este pla, elaborat junt amb la Direcci\u00f3 General de Drogodepend\u00e8ncia de Conselleria, estar\u00e0 dirigit a tota la poblaci\u00f3 il\u00b7licitana a trav\u00e9s de tres nivells. El primer d\u2019ells \u00e9s el general, dirigit a tota la poblaci\u00f3; el segon, denominat electiu, dirigit sobretot a la poblaci\u00f3 amb m\u00e9s risc de caure en alguna addicci\u00f3; i, per acabar, de prevenci\u00f3 indicada, dirigit a aquells que ja han experimentat alguna classe d\u2019addicci\u00f3.<\/p>\n<p>Este pla es dur\u00e0 a terme per mitj\u00e0 de tallers en centres educatius, socials i juvenils i estar\u00e0 dirigit per monitors que ja estan reben formaci\u00f3 en este assumpte.<\/p>\n","protected":false},"excerpt":{"rendered":"<p>La regidora de Benestar Social ha ressaltat que el consum excessiu de noves tecnologies \u00e9s una addicci\u00f3 que tamb\u00e9 cal evitar La regidora de Benestar Social, Teresa Maci\u00e0, ha presentat [&hellip;]<\/p>\n","protected":false},"author":131,"featured_media":13886,"comment_status":"closed","ping_status":"closed","sticky":false,"template":"","format":"standard","meta":{"footnotes":""},"categories":[190,194,391],"tags":[],"class_list":["post-13900","post","type-post","status-publish","format-standard","has-post-thumbnail","hentry","category-drets-socials","category-educacio-va","category-home-va"],"_links":{"self":[{"href":"https:\/\/www.elche.es\/va\/wp-json\/wp\/v2\/posts\/13900","targetHints":{"allow":["GET"]}}],"collection":[{"href":"https:\/\/www.elche.es\/va\/wp-json\/wp\/v2\/posts"}],"about":[{"href":"https:\/\/www.elche.es\/va\/wp-json\/wp\/v2\/types\/post"}],"author":[{"embeddable":true,"href":"https:\/\/www.elche.es\/va\/wp-json\/wp\/v2\/users\/131"}],"replies":[{"embeddable":true,"href":"https:\/\/www.elche.es\/va\/wp-json\/wp\/v2\/comments?post=13900"}],"version-history":[{"count":0,"href":"https:\/\/www.elche.es\/va\/wp-json\/wp\/v2\/posts\/13900\/revisions"}],"wp:featuredmedia":[{"embeddable":true,"href":"https:\/\/www.elche.es\/va\/wp-json\/wp\/v2\/media\/13886"}],"wp:attachment":[{"href":"https:\/\/www.elche.es\/va\/wp-json\/wp\/v2\/media?parent=13900"}],"wp:term":[{"taxonomy":"category","embeddable":true,"href":"https:\/\/www.elche.es\/va\/wp-json\/wp\/v2\/categories?post=13900"},{"taxonomy":"post_tag","embeddable":true,"href":"https:\/\/www.elche.es\/va\/wp-json\/wp\/v2\/tags?post=13900"}],"curies":[{"name":"wp","href":"https:\/\/api.w.org\/{rel}","templated":true}]}}