{"id":139040,"date":"2021-03-12T20:02:36","date_gmt":"2021-03-12T19:02:36","guid":{"rendered":"https:\/\/www.elche.es\/2021\/03\/lajuntament-adjudica-la-redaccio-dels-projectes-del-nou-centre-deducacio-especial-verge-de-la-llum-del-col%c2%b7legi-num-37-i-del-gimnas-del-lopez-orozco\/"},"modified":"2021-05-03T12:22:10","modified_gmt":"2021-05-03T11:22:10","slug":"lajuntament-adjudica-la-redaccio-dels-projectes-del-nou-centre-deducacio-especial-verge-de-la-llum-del-col%c2%b7legi-num-37-i-del-gimnas-del-lopez-orozco","status":"publish","type":"post","link":"https:\/\/www.elche.es\/va\/2021\/03\/lajuntament-adjudica-la-redaccio-dels-projectes-del-nou-centre-deducacio-especial-verge-de-la-llum-del-col%c2%b7legi-num-37-i-del-gimnas-del-lopez-orozco\/","title":{"rendered":"L&#8217;Ajuntament adjudica la redacci\u00f3 dels projectes del nou centre d&#8217;educaci\u00f3 especial Verge de la Llum, del col\u00b7legi n\u00fam. 37 i del gimn\u00e0s del L\u00f3pez Orozco"},"content":{"rendered":"<div class=\"wpb-content-wrapper\"><p>[vc_row el_id=&#8221;SUBTITULAR_NOTICIA&#8221;][vc_column][vc_column_text]<\/p>\n<hr \/>\n<h4>El portaveu de la Junta de Govern explica que l&#8217;objectiu \u00e9s que les obres d&#8217;aquestes importants infraestructures del Pla Edificant s&#8217;adjudiquen enguany perqu\u00e8 es puguen iniciar en 2022<\/h4>\n<hr \/>\n<p>[\/vc_column_text][\/vc_column][\/vc_row][vc_row el_id=&#8221;TEXTO_NOTICIA&#8221;][vc_column][vc_column_text]<strong>El Pla Edificant segueix a velocitat de creuer com ho prova el fet que la Junta de Govern Local haja adjudicat hui la redacci\u00f3 dels projectes per a tres importants infraestructures educatives<\/strong>: el nou centre d&#8217;educaci\u00f3 especial Verge de la Llum, el col\u00b7legi n\u00fam. 37 i el gimn\u00e0s del col\u00b7legi Julio Mar\u00eda L\u00f3pez Orozco.<\/p>\n<p>\u201cAquest Govern Municipal est\u00e0 posant la seua m\u00e0xima obstinaci\u00f3 en el desenvolupament del Pla Edificant i el que implica per a la dignificaci\u00f3 i l&#8217;ampliaci\u00f3 de les infraestructures educatives al municipi i, per tant, la millora de la qualitat de l&#8217;ensenyament p\u00fablic\u201d, ha assenyalat el portaveu de l&#8217;Equip de Govern, H\u00e9ctor D\u00edez. A m\u00e9s, ha recordat que ja han finalitzat algunes de les actuacions incloses en aquest pla com l&#8217;ampliaci\u00f3 dels col\u00b7legis de la Vallverda, La G\u00e0l\u00b7lia, Els Garrofers o l&#8217;IES Montserrat Roig. A m\u00e9s, ja est\u00e0 finalitzat el projecte per a l&#8217;ampliaci\u00f3 del col\u00b7legi de la Baia.<\/p>\n<p>\u201c<strong>Hui fem un pas m\u00e9s adjudicant la redacci\u00f3 d&#8217;aquests tres importants projectes, tres de les actuacions m\u00e9s importants d&#8217;aquesta primera etapa del Pla Edificant: el nou centre d&#8217;educaci\u00f3 especial Verge de la Llum<\/strong> (que se situar\u00e0 a l&#8217;entorn de l&#8217;estadi Mart\u00ednez Valero); <strong>el col\u00b7legi n\u00fam 37<\/strong> (que es construir\u00e0 tamb\u00e9 a l&#8217;entorn de l&#8217;estadi) <strong>i el gimn\u00e0s del col\u00b7legi L\u00f3pez Orozco\u201d<\/strong>, ha assenyalat D\u00edez. A m\u00e9s, ha afegit que<strong> \u201camb aquestes tres actuacions que adjudiquem hui el Govern Municipal pret\u00e9n tindre llestos els projectes en 2021 i aix\u00ed poder iniciar la licitaci\u00f3 de les obres a finals d&#8217;any perqu\u00e8 aquestes es duguen a terme en 2022\u201d<\/strong>.[\/vc_column_text][\/vc_column][\/vc_row][vc_row el_id=&#8221;DESTACADO_NOTICIA&#8221;][vc_column][vc_column_text el_class=&#8221;cuadronoticia&#8221;]La redacci\u00f3 del projecte del \u2018Verge de la Llum\u2019 s&#8217;ha adjudicat per 281.900 euros; la del nou col\u00b7legi n\u00fam. 37 per 338.000 euros i la del gimn\u00e0s del\u00a0 CEIP L\u00f3pez Orozco per 39.400 euros.[\/vc_column_text][\/vc_column][\/vc_row][vc_row el_id=&#8221;TEXTO_FIN_NOTICIA&#8221;][vc_column][vc_column_text]<\/p>\n<h5><strong>Ixen a concurs quatre serveis<\/strong><\/h5>\n<p><strong>El Govern Municipal ha aprovat tamb\u00e9 hui traure a concurs quatre importants serveis.<\/strong> El primer d&#8217;aquests \u00e9s el contracte de subministrament de <strong>material de protecci\u00f3 contra la Covid-19 que ix per 276.500 euros<\/strong> per un any prorrogables a quatre m\u00e9s. Ix en tres lots: m\u00e0scares; guants i bates de protecci\u00f3; i hidrogels i paper assecant. <strong>\u201cEl Govern Municipal pret\u00e9n dotar els seus treballadors dels mitjans per a fer el seu treball amb la protecci\u00f3 necess\u00e0ria en pand\u00e8mia.<\/strong> Fins ara es realitzaven aquestes compres a trav\u00e9s de contractes d&#8217;emerg\u00e8ncia i ara es pret\u00e9n que es normalitze l&#8217;adquisici\u00f3 d&#8217;aquests productes\u201d, ha assenyalat el portaveu.<\/p>\n<p>D&#8217;altra banda, <strong>ix a concurs el contracte d&#8217;arrendament d&#8217;un local a la zona centre que es destinar\u00e0 a les depend\u00e8ncies municipals d&#8217;Urbanisme<\/strong>. Es busca un local d&#8217;entre 400 i 1.800 metres quadrats i un preu m\u00e0xim de 7.000 euros mensuals i quatre anys de contracte. \u201cEn paral\u00b7lel, aquest Equip de Govern, continua treballant per a aconseguir les depend\u00e8ncies de l&#8217;antiga seu de la Seguretat Social i aix\u00ed millorar els serveis que l&#8217;Ajuntament presta a la ciutadania\u201d, ha apuntat D\u00edez.<\/p>\n<p><strong>Tamb\u00e9 ha eixit a concurs el vestuari per al personal municipal per 168.200 euros anuals i, en quart lloc, es trau el servei per a la gesti\u00f3 de vals d&#8217;aliments, d&#8217;higiene i de neteja<\/strong>, un important contracte de la Regidoria de Serveis Socials que persegueix donar resposta s les persones que estan en situaci\u00f3 de vulnerabilitat. <strong>El contracte ix a concurs per 200.000 euros anuals.<\/strong><\/p>\n<h5><strong>M\u00e9s habitatges socials<\/strong><\/h5>\n<p>El portaveu del Govern Local, H\u00e9ctor D\u00edez, ha explicat que la Junta de Govern ha aprovat una addenda al conveni que t\u00e9 amb la SAREB.<\/p>\n<p>D\u00edez ha indicat que \u201c<strong>el prop\u00f2sit \u00e9s incorporar m\u00e9s habitatges socials per a aquella ciutadania que es trobe en risc de vulnerabilitat<\/strong>. Actualment, el conveni <strong>t\u00e9 sis habitatges cedits en lloguers socials; amb l&#8217;addenda, l&#8217;objectiu \u00e9s augmentar aquests habitatges a 12<\/strong>. Estan distribu\u00efts al nucli urb\u00e0 a barris com Carr\u00fas, el Pla, el Raval i el barri de Trabalon\u201d.<\/p>\n<hr \/>\n<p>[\/vc_column_text][\/vc_column][\/vc_row]<\/p>\n<\/div>","protected":false},"excerpt":{"rendered":"<p>[vc_row el_id=&#8221;SUBTITULAR_NOTICIA&#8221;][vc_column][vc_column_text] El portaveu de la Junta de Govern explica que l&#8217;objectiu \u00e9s que les obres d&#8217;aquestes importants infraestructures del Pla Edificant s&#8217;adjudiquen enguany perqu\u00e8 es puguen iniciar en 2022 [&hellip;]<\/p>\n","protected":false},"author":15,"featured_media":139026,"comment_status":"closed","ping_status":"closed","sticky":false,"template":"","format":"standard","meta":{"footnotes":""},"categories":[194,391,1312,210],"tags":[],"class_list":["post-139040","post","type-post","status-publish","format-standard","has-post-thumbnail","hentry","category-educacio-va","category-home-va","category-noticias-va","category-urbanisme-va"],"_links":{"self":[{"href":"https:\/\/www.elche.es\/va\/wp-json\/wp\/v2\/posts\/139040","targetHints":{"allow":["GET"]}}],"collection":[{"href":"https:\/\/www.elche.es\/va\/wp-json\/wp\/v2\/posts"}],"about":[{"href":"https:\/\/www.elche.es\/va\/wp-json\/wp\/v2\/types\/post"}],"author":[{"embeddable":true,"href":"https:\/\/www.elche.es\/va\/wp-json\/wp\/v2\/users\/15"}],"replies":[{"embeddable":true,"href":"https:\/\/www.elche.es\/va\/wp-json\/wp\/v2\/comments?post=139040"}],"version-history":[{"count":0,"href":"https:\/\/www.elche.es\/va\/wp-json\/wp\/v2\/posts\/139040\/revisions"}],"wp:featuredmedia":[{"embeddable":true,"href":"https:\/\/www.elche.es\/va\/wp-json\/wp\/v2\/media\/139026"}],"wp:attachment":[{"href":"https:\/\/www.elche.es\/va\/wp-json\/wp\/v2\/media?parent=139040"}],"wp:term":[{"taxonomy":"category","embeddable":true,"href":"https:\/\/www.elche.es\/va\/wp-json\/wp\/v2\/categories?post=139040"},{"taxonomy":"post_tag","embeddable":true,"href":"https:\/\/www.elche.es\/va\/wp-json\/wp\/v2\/tags?post=139040"}],"curies":[{"name":"wp","href":"https:\/\/api.w.org\/{rel}","templated":true}]}}