{"id":139158,"date":"2021-03-15T12:41:15","date_gmt":"2021-03-15T11:41:15","guid":{"rendered":"https:\/\/www.elche.es\/2021\/03\/carlos-gonzalez-lampliacio-de-lautovia-elx-murcia-sha-de-completar-amb-la-supressio-del-peatge-en-la-segona-circumval%c2%b7lacio-dalacant\/"},"modified":"2021-05-03T12:21:54","modified_gmt":"2021-05-03T11:21:54","slug":"carlos-gonzalez-lampliacio-de-lautovia-elx-murcia-sha-de-completar-amb-la-supressio-del-peatge-en-la-segona-circumval%c2%b7lacio-dalacant","status":"publish","type":"post","link":"https:\/\/www.elche.es\/va\/2021\/03\/carlos-gonzalez-lampliacio-de-lautovia-elx-murcia-sha-de-completar-amb-la-supressio-del-peatge-en-la-segona-circumval%c2%b7lacio-dalacant\/","title":{"rendered":"Carlos Gonz\u00e1lez: \u201cL&#8217;ampliaci\u00f3 de l&#8217;autovia Elx-M\u00farcia s&#8217;ha de completar amb la supressi\u00f3 del peatge en la segona circumval\u00b7laci\u00f3 d&#8217;Alacant\u201d"},"content":{"rendered":"<div class=\"wpb-content-wrapper\"><p>[vc_row el_id=&#8221;SUBTITULAR_NOTICIA&#8221;][vc_column][vc_column_text]<\/p>\n<hr \/>\n<h4>L&#8217;alcalde d&#8217;Elx considera que el tercer carril de l&#8217;A-7 \u00e9s fonamental per a millorar la competitivitat de les empreses il\u00b7licitanes i descongestionar una infraestructura que suporta gran quantitat de tr\u00e0nsit<\/h4>\n<hr \/>\n<p>[\/vc_column_text][\/vc_column][\/vc_row][vc_row el_id=&#8221;TEXTO_NOTICIA&#8221;][vc_column][vc_column_text]<strong>\u201cL&#8217;ampliaci\u00f3 de l&#8217;autovia entre Elx i M\u00farcia (A-7), amb la construcci\u00f3 d&#8217;un tercer carril des de Crevillent fins a l&#8217;enlla\u00e7 de Monteagudo, s&#8217;ha de completar amb la supressi\u00f3 del peatge de la segona circumval\u00b7laci\u00f3 d&#8217;Alacant (AP-7)\u201d<\/strong>, ha assenyalat l&#8217;alcalde d&#8217;Elx, Carlos Gonz\u00e1lez, despr\u00e9s de la publicaci\u00f3 en el Butllet\u00ed Oficial de l&#8217;Estat (BOE),el passat dia 10, de l&#8217;eixida del projecte a informaci\u00f3 p\u00fablica.<\/p>\n<p><strong>El responsable de l&#8217;Equip de Govern Municipal ha reclamat en successives ocasions no sols la construcci\u00f3 d&#8217;aquest tercer carril, vital per a descongestionar una infraestructura que suporta el tr\u00e0nsit d&#8217;uns 50.000 vehicles al dia<\/strong>, especialment camions, sin\u00f3 tamb\u00e9 un altre tercer carril en l&#8217;A-31 fins a Villena i entre Elx i Alacant, a m\u00e9s dels accessos a l&#8217;aeroport, que ja estan en execuci\u00f3, i la finalitzaci\u00f3 de la ronda Sud.<\/p>\n<p><strong>\u201cConsidere molt necess\u00e0ria la inversi\u00f3 en aquestes infraestructures vi\u00e0ries, a m\u00e9s de les ferrovi\u00e0ries, perqu\u00e8 s\u00f3n fonamentals per a millorar la competitivitat de les nostres empreses<\/strong> i per a assegurar el futur desenvolupament econ\u00f2mic i social de la nostra ciutat\u201d, ha subratllat Carlos Gonz\u00e1lez. <strong>L&#8217;alcalde insisteix en la necessitat de suprimir el peatge de la segona circumval\u00b7laci\u00f3 perqu\u00e8 obstrueix les connexions vi\u00e0ries, especialment despr\u00e9s de la liberalitzaci\u00f3 de l&#8217;AP-7, i aix\u00ed estalviaria costos als transportistes<\/strong> i ajudaria a descongestionar la col\u00b7lapsada ronda d&#8217;Alacant (A-70), primera circumval\u00b7laci\u00f3 de la capital de la prov\u00edncia.<\/p>\n<p>El projecte d&#8217;ampliaci\u00f3 del tercer carril en els dos sentits de circulaci\u00f3 abasta un <strong>tram d&#8217;uns 40 quil\u00f2metres i t\u00e9 un pressupost de quasi 200 milions d&#8217;euros<\/strong>. Les obres milloraran les condicions de seguretat i de servei que actuen a zones que suposen un coll de botella en la xarxa actual i el contracte de concessi\u00f3 tindr\u00e0 una duraci\u00f3 de 25 anys, segons explica el Ministeri de Transports, Mobilitat i Agenda Urbana (Mitma).<\/p>\n<p><strong>D&#8217;altra banda, l&#8217;alcalde il\u00b7licit\u00e0 tamb\u00e9 recorda la urgent necessitat d&#8217;enlla\u00e7ar l&#8217;aeroport amb la xarxa ferrovi\u00e0ria i duplicar i electrificar la l\u00ednia de Rodalia entre Alacant, Elx i M\u00farcia<\/strong>, a m\u00e9s de connectar-la amb l&#8217;estaci\u00f3 d&#8217;alta velocitat, especialment, en un moment en el qual ja est\u00e0 en marxa l&#8217;AVE a Madrid.<\/p>\n<hr \/>\n<p>[\/vc_column_text][\/vc_column][\/vc_row][vc_row][vc_column width=&#8221;1\/6&#8243;][\/vc_column][vc_column width=&#8221;2\/3&#8243;]<audio class=\"sc_audio\" src=\"https:\/\/soundcloud.com\/ayuntamiento-de-elche\/carlos-gonzalez-189273521\" width=\"\" height=\"\"><\/audio>[\/vc_column][vc_column width=&#8221;1\/6&#8243;][\/vc_column][\/vc_row]<\/p>\n<\/div>","protected":false},"excerpt":{"rendered":"<p>[vc_row el_id=&#8221;SUBTITULAR_NOTICIA&#8221;][vc_column][vc_column_text] L&#8217;alcalde d&#8217;Elx considera que el tercer carril de l&#8217;A-7 \u00e9s fonamental per a millorar la competitivitat de les empreses il\u00b7licitanes i descongestionar una infraestructura que suporta gran quantitat [&hellip;]<\/p>\n","protected":false},"author":15,"featured_media":139157,"comment_status":"closed","ping_status":"closed","sticky":false,"template":"","format":"standard","meta":{"footnotes":""},"categories":[161,391,217,1312],"tags":[],"class_list":["post-139158","post","type-post","status-publish","format-standard","has-post-thumbnail","hentry","category-ajuntament","category-home-va","category-mobilitat","category-noticias-va"],"_links":{"self":[{"href":"https:\/\/www.elche.es\/va\/wp-json\/wp\/v2\/posts\/139158","targetHints":{"allow":["GET"]}}],"collection":[{"href":"https:\/\/www.elche.es\/va\/wp-json\/wp\/v2\/posts"}],"about":[{"href":"https:\/\/www.elche.es\/va\/wp-json\/wp\/v2\/types\/post"}],"author":[{"embeddable":true,"href":"https:\/\/www.elche.es\/va\/wp-json\/wp\/v2\/users\/15"}],"replies":[{"embeddable":true,"href":"https:\/\/www.elche.es\/va\/wp-json\/wp\/v2\/comments?post=139158"}],"version-history":[{"count":0,"href":"https:\/\/www.elche.es\/va\/wp-json\/wp\/v2\/posts\/139158\/revisions"}],"wp:featuredmedia":[{"embeddable":true,"href":"https:\/\/www.elche.es\/va\/wp-json\/wp\/v2\/media\/139157"}],"wp:attachment":[{"href":"https:\/\/www.elche.es\/va\/wp-json\/wp\/v2\/media?parent=139158"}],"wp:term":[{"taxonomy":"category","embeddable":true,"href":"https:\/\/www.elche.es\/va\/wp-json\/wp\/v2\/categories?post=139158"},{"taxonomy":"post_tag","embeddable":true,"href":"https:\/\/www.elche.es\/va\/wp-json\/wp\/v2\/tags?post=139158"}],"curies":[{"name":"wp","href":"https:\/\/api.w.org\/{rel}","templated":true}]}}