{"id":139207,"date":"2021-03-15T20:43:56","date_gmt":"2021-03-15T19:43:56","guid":{"rendered":"https:\/\/www.elche.es\/2021\/03\/el-mahe-repren-els-tallers-didactics-a-partir-daquest-divendres-en-horari-de-cap-de-setmana\/"},"modified":"2021-05-03T12:18:33","modified_gmt":"2021-05-03T11:18:33","slug":"el-mahe-repren-els-tallers-didactics-a-partir-daquest-divendres-en-horari-de-cap-de-setmana","status":"publish","type":"post","link":"https:\/\/www.elche.es\/va\/2021\/03\/el-mahe-repren-els-tallers-didactics-a-partir-daquest-divendres-en-horari-de-cap-de-setmana\/","title":{"rendered":"El MAHE repr\u00e9n els tallers did\u00e0ctics a partir d&#8217;aquest divendres en horari de cap de setmana"},"content":{"rendered":"<div class=\"wpb-content-wrapper\"><p>[vc_row el_id=&#8221;SUBTITULAR_NOTICIA&#8221;][vc_column][vc_column_text]<\/p>\n<hr \/>\n<h4>La regidora de Cultura, Marga Ant\u00f3n, juntament amb el director de museus, Miguel P\u00e9rez, han comunicat que s&#8217;aprofita la festivitat de Sant Josep i el cap de setmana per a comen\u00e7ar amb les visites guiades<\/h4>\n<hr \/>\n<p>[\/vc_column_text][\/vc_column][\/vc_row][vc_row el_id=&#8221;TEXTO_NOTICIA&#8221;][vc_column][vc_column_text]<strong>El MAHE repr\u00e9n els tallers did\u00e0ctics a partir d&#8217;aquest divendres.<\/strong> Aix\u00ed ho ha anunciat la regidora de Cultura, Marga Ant\u00f3n, juntament amb el director de museus, Miguel P\u00e9rez, en una roda de premsa aquest mat\u00ed.<\/p>\n<p><strong>La regidora de l&#8217;\u00e0rea ha comunicat que &#8220;hem aprofitat la festivitat de Sant Josep i el cap de setmana per a comen\u00e7ar amb els tallers did\u00e0ctics en el MAHE<\/strong>, que consistiran en visites guiades els caps de setmana&#8221;.<\/p>\n<p><strong>En aquest sentit, Miguel P\u00e9rez, director de museus, ha explicat que normalment els grups eren de 20 o 25 persones per\u00f2 a conseq\u00fc\u00e8ncia de la pand\u00e8mia s&#8217;han redu\u00eft a 10.<\/strong> Per aquest motiu, la soluci\u00f3 que s&#8217;ha pres ha sigut l&#8217;<strong>ampliaci\u00f3 dels torns a les 11, 12 i 13 hores, un torn m\u00e9s, per a compensar la reducci\u00f3 de l&#8217;aforament, amb una duraci\u00f3 de 45 minuts per visita<\/strong>.<\/p>\n<p>Ant\u00f3n ha destacat que &#8220;en aquestes visites al MAHE, el que volem \u00e9s que les persones coneguen l&#8217;origen de la nostra ciutat i tamb\u00e9 que coneguen el MAHE&#8221;.[\/vc_column_text][\/vc_column][\/vc_row][vc_row el_id=&#8221;DESTACADO_NOTICIA&#8221;][vc_column][vc_column_text el_class=&#8221;cuadronoticia&#8221;]<\/p>\n<h5>Els tallers s&#8217;organitzaran en grups de m\u00e0xim 10 persones, tindran una duraci\u00f3 de 45 minuts i hi haur\u00e0 torns a les 11, 12 i 13 hores els dissabtes i els diumenges<\/h5>\n<p>[\/vc_column_text][\/vc_column][\/vc_row][vc_row el_id=&#8221;TEXTO_FIN_NOTICIA&#8221;][vc_column][vc_column_text]<strong>Les visites es realitzaran pr\u00e8via sol\u00b7licitud, ja que les persones que s&#8217;inscriguen han de cridar al MAHE per reservar la cita.<\/strong> A m\u00e9s, la regidora ha informat que <strong>els interessats poden triar l&#8217;idioma de la visita en castell\u00e0 o valenci\u00e0<\/strong> i &#8220;la previsi\u00f3 que tenim \u00e9s que aquests tallers no sols es realitzen en el MAHE, sin\u00f3 que s&#8217;adapten al museu de la Festa i al MACE&#8221;, ha avan\u00e7at Ant\u00f3n. Tamb\u00e9 ha assegurat que la idea \u00e9s que en un futur les reserves es puguen fer en altres idiomes com a angl\u00e9s, itali\u00e0, alemany o franc\u00e9s, perqu\u00e8 el museu es convertisca en inter\u00e9s tur\u00edstic per a visitants d&#8217;altres pa\u00efsos.<\/p>\n<p><strong>Ant\u00f3n ha avan\u00e7at que les visites es complementaran amb tallers educatius a col\u00b7legis i a instituts, i s&#8217;est\u00e0 valorant la possibilitat de realitzar tallers en <em>streaming<\/em> per a poder arribar a un major nombre de persones per adaptar-se aix\u00ed a les circumst\u00e0ncies.<\/strong><\/p>\n<p>&#8220;Estem molt il\u00b7lusionats amb aquest projecte i estem segurs que tindr\u00e0 un gran acolliment. Per aix\u00f2, farem campanya tota la setmana a trav\u00e9s de Facebook i en les nostres xarxes socials perqu\u00e8 tots els il\u00b7licitans puguen fer la reserva i realitzar aix\u00ed les visites guiades al museu&#8221;, ha concl\u00f2s la regidora.<\/p>\n<hr \/>\n<p>[\/vc_column_text][\/vc_column][\/vc_row][vc_row][vc_column width=&#8221;1\/6&#8243;][\/vc_column][vc_column width=&#8221;2\/3&#8243;]<audio class=\"sc_audio\" src=\"https:\/\/soundcloud.com\/ayuntamiento-de-elche\/marga-anton-concejala-de-cultura-y-miguel-perez-director-de-museos\" width=\"\" height=\"\"><\/audio>[\/vc_column][vc_column width=&#8221;1\/6&#8243;][\/vc_column][\/vc_row]<\/p>\n<\/div>","protected":false},"excerpt":{"rendered":"<p>[vc_row el_id=&#8221;SUBTITULAR_NOTICIA&#8221;][vc_column][vc_column_text] La regidora de Cultura, Marga Ant\u00f3n, juntament amb el director de museus, Miguel P\u00e9rez, han comunicat que s&#8217;aprofita la festivitat de Sant Josep i el cap de setmana [&hellip;]<\/p>\n","protected":false},"author":15,"featured_media":139191,"comment_status":"closed","ping_status":"closed","sticky":false,"template":"","format":"standard","meta":{"footnotes":""},"categories":[193,391,1312],"tags":[],"class_list":["post-139207","post","type-post","status-publish","format-standard","has-post-thumbnail","hentry","category-cultura-va","category-home-va","category-noticias-va"],"_links":{"self":[{"href":"https:\/\/www.elche.es\/va\/wp-json\/wp\/v2\/posts\/139207","targetHints":{"allow":["GET"]}}],"collection":[{"href":"https:\/\/www.elche.es\/va\/wp-json\/wp\/v2\/posts"}],"about":[{"href":"https:\/\/www.elche.es\/va\/wp-json\/wp\/v2\/types\/post"}],"author":[{"embeddable":true,"href":"https:\/\/www.elche.es\/va\/wp-json\/wp\/v2\/users\/15"}],"replies":[{"embeddable":true,"href":"https:\/\/www.elche.es\/va\/wp-json\/wp\/v2\/comments?post=139207"}],"version-history":[{"count":0,"href":"https:\/\/www.elche.es\/va\/wp-json\/wp\/v2\/posts\/139207\/revisions"}],"wp:featuredmedia":[{"embeddable":true,"href":"https:\/\/www.elche.es\/va\/wp-json\/wp\/v2\/media\/139191"}],"wp:attachment":[{"href":"https:\/\/www.elche.es\/va\/wp-json\/wp\/v2\/media?parent=139207"}],"wp:term":[{"taxonomy":"category","embeddable":true,"href":"https:\/\/www.elche.es\/va\/wp-json\/wp\/v2\/categories?post=139207"},{"taxonomy":"post_tag","embeddable":true,"href":"https:\/\/www.elche.es\/va\/wp-json\/wp\/v2\/tags?post=139207"}],"curies":[{"name":"wp","href":"https:\/\/api.w.org\/{rel}","templated":true}]}}