{"id":139210,"date":"2021-03-15T21:05:24","date_gmt":"2021-03-15T20:05:24","guid":{"rendered":"https:\/\/www.elche.es\/2021\/03\/lalcalde-reitera-la-necessitat-que-el-consell-finance-les-despeses-de-la-conservacio-i-proteccio-del-palmerar\/"},"modified":"2021-05-03T12:18:25","modified_gmt":"2021-05-03T11:18:25","slug":"lalcalde-reitera-la-necessitat-que-el-consell-finance-les-despeses-de-la-conservacio-i-proteccio-del-palmerar","status":"publish","type":"post","link":"https:\/\/www.elche.es\/va\/2021\/03\/lalcalde-reitera-la-necessitat-que-el-consell-finance-les-despeses-de-la-conservacio-i-proteccio-del-palmerar\/","title":{"rendered":"L&#8217;alcalde reitera la necessitat que el Consell finance les despeses de conservaci\u00f3 i protecci\u00f3 del Palmerar"},"content":{"rendered":"<div class=\"wpb-content-wrapper\"><p>[vc_row el_id=&#8221;SUBTITULAR_NOTICIA&#8221;][vc_column][vc_column_text]<\/p>\n<hr \/>\n<h4>Carlos Gonz\u00e1lez es reuneix a la Sala del Consell amb els ponents socialistes de la Llei de palmerar en les Corts Valencianes: Trinidad Castell\u00f3, To\u00f1i Serna, Francis Rubio i Paco Gil, els quals mostren el seu comprom\u00eds per enaltir el llegat hist\u00f2ric<\/h4>\n<hr \/>\n<p>[\/vc_column_text][\/vc_column][\/vc_row][vc_row el_id=&#8221;TEXTO_NOTICIA&#8221;][vc_column][vc_column_text]<strong>L&#8217;alcalde, Carlos Gonz\u00e1lez, acompanyat de la regidora de Patrimoni Hist\u00f2ric, Ana Arabid, i del regidor de Palmerar, H\u00e9ctor D\u00edez, ha rebut aquest mat\u00ed als membres del grup parlamentari socialista, ponents de la Llei del palmerar en les Corts Valencianes.<\/strong> En la reuni\u00f3, que s&#8217;ha desenvolupat a la Sala del Consell, han estat present la diputada del PSPV en Les Corts, Trinidad Castell\u00f3; la diputada auton\u00f2mica per Alacant, To\u00f1i Serna; el diputat auton\u00f2mic per Alacant, Francis Rubio; i el diputat auton\u00f2mic per Castell\u00f3, Paco Gil.<\/p>\n<p><strong>Gonz\u00e1lez ha posat el focus una vegada m\u00e9s en la necessitat que el Consell finance les despeses de la neteja, de la conservaci\u00f3 i de la protecci\u00f3 del Palmerar<\/strong> perqu\u00e8 estiga en les millors condicions possibles i es convertisca en el m\u00e0xim exponent del patrimoni cultural de la Comunitat. Aix\u00ed mateix, l&#8217;alcalde ha agra\u00eft als diputats el compliment dels seus compromisos amb la ciutat d&#8217;Elx.<\/p>\n<p>Per la seua part, <strong>els membres del grup parlamentari socialista han mostrat la seua disposici\u00f3 de treballar al costat de l&#8217;Ajuntament per a enaltir aquest llegat hist\u00f2ric i, despr\u00e9s de la reuni\u00f3 amb l&#8217;alcalde, han aprofitat per a con\u00e9ixer millor el Palmerar amb una visita a l&#8217;enclavament,<\/strong> on han rebut per part de l&#8217;equip t\u00e8cnic municipal, informaci\u00f3 sobre algunes de les caracter\u00edstiques essencials d&#8217;aquest b\u00e9 singular.<\/p>\n<hr \/>\n<p>[\/vc_column_text][\/vc_column][\/vc_row]<\/p>\n<\/div>","protected":false},"excerpt":{"rendered":"<p>[vc_row el_id=&#8221;SUBTITULAR_NOTICIA&#8221;][vc_column][vc_column_text] Carlos Gonz\u00e1lez es reuneix a la Sala del Consell amb els ponents socialistes de la Llei de palmerar en les Corts Valencianes: Trinidad Castell\u00f3, To\u00f1i Serna, Francis Rubio [&hellip;]<\/p>\n","protected":false},"author":15,"featured_media":139205,"comment_status":"closed","ping_status":"closed","sticky":false,"template":"","format":"standard","meta":{"footnotes":""},"categories":[391,1312,2706,1277],"tags":[],"class_list":["post-139210","post","type-post","status-publish","format-standard","has-post-thumbnail","hentry","category-home-va","category-noticias-va","category-parques-y-jardines-va","category-via-publica-va"],"_links":{"self":[{"href":"https:\/\/www.elche.es\/va\/wp-json\/wp\/v2\/posts\/139210","targetHints":{"allow":["GET"]}}],"collection":[{"href":"https:\/\/www.elche.es\/va\/wp-json\/wp\/v2\/posts"}],"about":[{"href":"https:\/\/www.elche.es\/va\/wp-json\/wp\/v2\/types\/post"}],"author":[{"embeddable":true,"href":"https:\/\/www.elche.es\/va\/wp-json\/wp\/v2\/users\/15"}],"replies":[{"embeddable":true,"href":"https:\/\/www.elche.es\/va\/wp-json\/wp\/v2\/comments?post=139210"}],"version-history":[{"count":0,"href":"https:\/\/www.elche.es\/va\/wp-json\/wp\/v2\/posts\/139210\/revisions"}],"wp:featuredmedia":[{"embeddable":true,"href":"https:\/\/www.elche.es\/va\/wp-json\/wp\/v2\/media\/139205"}],"wp:attachment":[{"href":"https:\/\/www.elche.es\/va\/wp-json\/wp\/v2\/media?parent=139210"}],"wp:term":[{"taxonomy":"category","embeddable":true,"href":"https:\/\/www.elche.es\/va\/wp-json\/wp\/v2\/categories?post=139210"},{"taxonomy":"post_tag","embeddable":true,"href":"https:\/\/www.elche.es\/va\/wp-json\/wp\/v2\/tags?post=139210"}],"curies":[{"name":"wp","href":"https:\/\/api.w.org\/{rel}","templated":true}]}}