{"id":139302,"date":"2021-03-16T12:57:11","date_gmt":"2021-03-16T11:57:11","guid":{"rendered":"https:\/\/www.elche.es\/2021\/03\/la-policia-local-dete-un-home-per-insultar-i-amenacar-una-dona-mentre-passejava-per-la-ciutat-esportiva\/"},"modified":"2021-05-03T12:20:54","modified_gmt":"2021-05-03T11:20:54","slug":"la-policia-local-dete-un-home-per-insultar-i-amenacar-una-dona-mentre-passejava-per-la-ciutat-esportiva","status":"publish","type":"post","link":"https:\/\/www.elche.es\/va\/2021\/03\/la-policia-local-dete-un-home-per-insultar-i-amenacar-una-dona-mentre-passejava-per-la-ciutat-esportiva\/","title":{"rendered":"La Policia Local det\u00e9 un home per insultar i amena\u00e7ar una dona mentre passejava per la Ciutat Esportiva"},"content":{"rendered":"<div class=\"wpb-content-wrapper\"><p>[vc_row el_id=&#8221;SUBTITULAR_NOTICIA&#8221;][vc_column][vc_column_text]<\/p>\n<hr \/>\n<h4>L&#8217;autor, presumptament, hauria dirigit insults i obscenitats a la dona mentre es trobava realitzant esport<\/h4>\n<hr \/>\n<p>[\/vc_column_text][\/vc_column][\/vc_row][vc_row el_id=&#8221;TEXTO_NOTICIA&#8221;][vc_column][vc_column_text]<strong>La Policia Local d&#8217;Elx va detindre diumenge passat, 14 de mar\u00e7, un home de 52 anys per, presumptament, insultar i amena\u00e7ar una dona<\/strong> mentre passejava per la Ciutat Esportiva.<\/p>\n<p><strong>La detenci\u00f3 es va produir despr\u00e9s que, a les 18.15 hores, membres de la Sala d&#8217;Operacions reberen la trucada d&#8217;una dona denunciant l&#8217;assetjament i insults d&#8217;un home<\/strong> en la via p\u00fablica.<\/p>\n<p>El presumpte autor dels fets, que va ser localitzat per la Unitat Territorial (UTE), evidenciava una actitud escapadissa. Segons fonts de la policia, pel que sembla, <strong>mentre la v\u00edctima es trobava fent esport a l&#8217;entorn de la Ciutat Esportiva, es va creuar amb l&#8217;acusat, que, despr\u00e9s de dirigir-se a ella en termes agressius, l&#8217;hauria seguida<\/strong> uns metres.<\/p>\n<p>Davant aquesta situaci\u00f3, la dona va parar i va advertir a l&#8217;home de la seua intenci\u00f3 de telefonar immediatament al 112, i seguidament va ser amena\u00e7ada per aix\u00f2. No obstant aix\u00f2, el denunciat va marxar del lloc i va ser seguit per la dona fins al moment en qu\u00e8 la patrulla els va interceptar.<\/p>\n<p><strong>L&#8217;home va indicar als agents que l&#8217;exposat per la dona no era veritat i va destacar que l&#8217;hauria saludada sense con\u00e9ixer-la<\/strong>. Amb dues versions i amb altres indicis recaptats pels agents, l&#8217;implicat va ser detingut i traslladat a depend\u00e8ncies policials per un presumpte cas d&#8217;agressi\u00f3 verbal masclista.<\/p>\n<hr \/>\n<p>[\/vc_column_text][\/vc_column][\/vc_row]<\/p>\n<\/div>","protected":false},"excerpt":{"rendered":"<p>[vc_row el_id=&#8221;SUBTITULAR_NOTICIA&#8221;][vc_column][vc_column_text] L&#8217;autor, presumptament, hauria dirigit insults i obscenitats a la dona mentre es trobava realitzant esport [\/vc_column_text][\/vc_column][\/vc_row][vc_row el_id=&#8221;TEXTO_NOTICIA&#8221;][vc_column][vc_column_text]La Policia Local d&#8217;Elx va detindre diumenge passat, 14 de mar\u00e7, un [&hellip;]<\/p>\n","protected":false},"author":15,"featured_media":139281,"comment_status":"closed","ping_status":"closed","sticky":false,"template":"","format":"standard","meta":{"footnotes":""},"categories":[238],"tags":[],"class_list":["post-139302","post","type-post","status-publish","format-standard","has-post-thumbnail","hentry","category-policia-local-va"],"_links":{"self":[{"href":"https:\/\/www.elche.es\/va\/wp-json\/wp\/v2\/posts\/139302","targetHints":{"allow":["GET"]}}],"collection":[{"href":"https:\/\/www.elche.es\/va\/wp-json\/wp\/v2\/posts"}],"about":[{"href":"https:\/\/www.elche.es\/va\/wp-json\/wp\/v2\/types\/post"}],"author":[{"embeddable":true,"href":"https:\/\/www.elche.es\/va\/wp-json\/wp\/v2\/users\/15"}],"replies":[{"embeddable":true,"href":"https:\/\/www.elche.es\/va\/wp-json\/wp\/v2\/comments?post=139302"}],"version-history":[{"count":0,"href":"https:\/\/www.elche.es\/va\/wp-json\/wp\/v2\/posts\/139302\/revisions"}],"wp:featuredmedia":[{"embeddable":true,"href":"https:\/\/www.elche.es\/va\/wp-json\/wp\/v2\/media\/139281"}],"wp:attachment":[{"href":"https:\/\/www.elche.es\/va\/wp-json\/wp\/v2\/media?parent=139302"}],"wp:term":[{"taxonomy":"category","embeddable":true,"href":"https:\/\/www.elche.es\/va\/wp-json\/wp\/v2\/categories?post=139302"},{"taxonomy":"post_tag","embeddable":true,"href":"https:\/\/www.elche.es\/va\/wp-json\/wp\/v2\/tags?post=139302"}],"curies":[{"name":"wp","href":"https:\/\/api.w.org\/{rel}","templated":true}]}}