{"id":139904,"date":"2021-03-22T19:23:02","date_gmt":"2021-03-22T18:23:02","guid":{"rendered":"https:\/\/www.elche.es\/2021\/03\/els-cines-odeon-acolliran-enguany-la-projeccio-de-la-pasion-de-elche\/"},"modified":"2021-05-03T12:10:44","modified_gmt":"2021-05-03T11:10:44","slug":"els-cines-odeon-acolliran-enguany-la-projeccio-de-la-pasion-de-elche","status":"publish","type":"post","link":"https:\/\/www.elche.es\/va\/2021\/03\/els-cines-odeon-acolliran-enguany-la-projeccio-de-la-pasion-de-elche\/","title":{"rendered":"Els cines Odeon acolliran enguany la projecci\u00f3 de &#8216;La Passi\u00f3 d&#8217;Elx&#8217;"},"content":{"rendered":"<div class=\"wpb-content-wrapper\"><p>[vc_row el_id=&#8221;SUBTITULAR_NOTICIA&#8221;][vc_column][vc_column_text]<\/p>\n<hr \/>\n<h4>Es projectar\u00e0 el Dijous Sant, el Dissabte Sant i el Diumenge de Resurrecci\u00f3 amb doble sessi\u00f3 cada dia, a les 16.30 hores i a les 19.30 hores i amb un preu de tres euros per entrada<\/h4>\n<hr \/>\n<p>[\/vc_column_text][\/vc_column][\/vc_row][vc_row el_id=&#8221;TEXTO_NOTICIA&#8221;][vc_column][vc_column_text]<strong>Enguany, malgrat la pand\u00e8mia, el Grup Cultural &#8216;Jerusalem&#8217; continuar\u00e0 present en la Setmana Santa il\u00b7licitana amb la seua obra &#8216;La Passi\u00f3 d&#8217;Elx&#8217;<\/strong> per\u00f2 d&#8217;una manera diferent, ja que es projectar\u00e0 als cines Odeon.<\/p>\n<p>Marga Ant\u00f3n, regidora de Cultura i Joventut ha convidat a tota la ciutadania il\u00b7licitana a acudir a les projeccions amb l&#8217;objectiu de donar suport a la Setmana Santa il\u00b7licitana.[\/vc_column_text][\/vc_column][\/vc_row][vc_row el_id=&#8221;DESTACADO_NOTICIA&#8221;][vc_column][vc_column_text el_class=&#8221;cuadronoticia&#8221;]<\/p>\n<h5>Marga Ant\u00f3n, regidora de Cultura i Joventut, convida tota la ciutadania il\u00b7licitana a acudir a aquestes projeccions per a donar suport a la Setmana Santa il\u00b7licitana<\/h5>\n<p>[\/vc_column_text][\/vc_column][\/vc_row][vc_row el_id=&#8221;TEXTO_FIN_NOTICIA&#8221;][vc_column][vc_column_text]<strong>Les sessions es projectaran el Dijous Sant, el Dissabte Sant i el Diumenge de Resurrecci\u00f3 amb doble sessi\u00f3 cada dia, a les 16.30 hores i a les 19.30 hores<\/strong> i amb totes les mesures de seguretat i d&#8217;higiene establides.<\/p>\n<p><strong>L&#8217;aforament ser\u00e0 limitat, pel que es recomana comprar les entrades amb antelaci\u00f3.<\/strong> El preu de cada entrada \u00e9s de <strong>tres euros i ja estan disponibles en les taquilles dels cinemes o en<\/strong> el seg\u00fcent enlla\u00e7 de <a href=\"https:\/\/www.instanticket.es\/#\/detalle\/PASIONELX21@Janto_SAB\/CODEONb\"><strong>Instanticket<\/strong><span style=\"color: #000000\">.<\/span><\/a><\/p>\n<hr \/>\n<p>[\/vc_column_text][\/vc_column][\/vc_row]<\/p>\n<\/div>","protected":false},"excerpt":{"rendered":"<p>[vc_row el_id=&#8221;SUBTITULAR_NOTICIA&#8221;][vc_column][vc_column_text] Es projectar\u00e0 el Dijous Sant, el Dissabte Sant i el Diumenge de Resurrecci\u00f3 amb doble sessi\u00f3 cada dia, a les 16.30 hores i a les 19.30 hores i [&hellip;]<\/p>\n","protected":false},"author":15,"featured_media":139884,"comment_status":"closed","ping_status":"closed","sticky":false,"template":"","format":"standard","meta":{"footnotes":""},"categories":[193,191,391,1312],"tags":[],"class_list":["post-139904","post","type-post","status-publish","format-standard","has-post-thumbnail","hentry","category-cultura-va","category-festes-va","category-home-va","category-noticias-va"],"_links":{"self":[{"href":"https:\/\/www.elche.es\/va\/wp-json\/wp\/v2\/posts\/139904","targetHints":{"allow":["GET"]}}],"collection":[{"href":"https:\/\/www.elche.es\/va\/wp-json\/wp\/v2\/posts"}],"about":[{"href":"https:\/\/www.elche.es\/va\/wp-json\/wp\/v2\/types\/post"}],"author":[{"embeddable":true,"href":"https:\/\/www.elche.es\/va\/wp-json\/wp\/v2\/users\/15"}],"replies":[{"embeddable":true,"href":"https:\/\/www.elche.es\/va\/wp-json\/wp\/v2\/comments?post=139904"}],"version-history":[{"count":0,"href":"https:\/\/www.elche.es\/va\/wp-json\/wp\/v2\/posts\/139904\/revisions"}],"wp:featuredmedia":[{"embeddable":true,"href":"https:\/\/www.elche.es\/va\/wp-json\/wp\/v2\/media\/139884"}],"wp:attachment":[{"href":"https:\/\/www.elche.es\/va\/wp-json\/wp\/v2\/media?parent=139904"}],"wp:term":[{"taxonomy":"category","embeddable":true,"href":"https:\/\/www.elche.es\/va\/wp-json\/wp\/v2\/categories?post=139904"},{"taxonomy":"post_tag","embeddable":true,"href":"https:\/\/www.elche.es\/va\/wp-json\/wp\/v2\/tags?post=139904"}],"curies":[{"name":"wp","href":"https:\/\/api.w.org\/{rel}","templated":true}]}}