{"id":140071,"date":"2021-03-23T13:36:46","date_gmt":"2021-03-23T12:36:46","guid":{"rendered":"https:\/\/www.elche.es\/2021\/03\/lajuntament-promociona-el-contacte-entre-joves-i-majors-a-traves-del-webinar-i-forum-entre-generacions\/"},"modified":"2021-05-03T12:10:28","modified_gmt":"2021-05-03T11:10:28","slug":"lajuntament-promociona-el-contacte-entre-joves-i-majors-a-traves-del-webinar-i-forum-entre-generacions","status":"publish","type":"post","link":"https:\/\/www.elche.es\/va\/2021\/03\/lajuntament-promociona-el-contacte-entre-joves-i-majors-a-traves-del-webinar-i-forum-entre-generacions\/","title":{"rendered":"L&#8217;Ajuntament promociona el contacte entre joves i majors a trav\u00e9s del webinar \u2018I f\u00f2rum entre generacions\u2019"},"content":{"rendered":"<div class=\"wpb-content-wrapper\"><p>[vc_row el_id=&#8221;SUBTITULAR_NOTICIA&#8221;][vc_column][vc_column_text]<\/p>\n<hr \/>\n<h4>El seminari en l\u00ednia tindr\u00e0 lloc el dimecres 31 de mar\u00e7 a les 18 hores i la inscripci\u00f3 es podr\u00e0 realitzar a trav\u00e9s d&#8217;un formulari telem\u00e0tic<\/h4>\n<hr \/>\n<p>[\/vc_column_text][\/vc_column][\/vc_row][vc_row el_id=&#8221;TEXTO_NOTICIA&#8221;][vc_column][vc_column_text]<strong>L&#8217;Ajuntament d&#8217;Elx promociona la intergeneraci\u00f3 a trav\u00e9s del webinar \u2018Regeneracionar-te: I f\u00f2rum entre generacions<\/strong>\u2019. Els joves i majors intercanviaran impressions sobre les seues viv\u00e8ncies a nivell psicol\u00f2gic durant la pand\u00e8mia i les seues expectatives post pand\u00e8mia.<\/p>\n<p><strong>El seminari en l\u00ednia tindr\u00e0 lloc el dimecres 31 de mar\u00e7 a les 18 hores i la inscripci\u00f3 es podr\u00e0 realitzar a trav\u00e9s del seg\u00fcent <a href=\"https:\/\/forms.office.com\/Pages\/ResponsePage.aspx?id=EwzOCc_AIkqfsboUKiQqrUq-UnOhJ7FOjV78UI6eKjFUM0VXWUlZMjVFVTZPTDZMODNKWTM4N0JVRS4u\">formulario telem\u00e1tico<\/a><\/strong>. Una vegada formalitzada la inscripci\u00f3, s&#8217;enviar\u00e0 un correu amb l&#8217;enlla\u00e7 a la plataforma en la qual es desenvolupar\u00e0 el f\u00f2rum.<\/p>\n<p>En aquest esdeveniment, es realitzar\u00e0 un recorregut pel treball realitzat durant la pand\u00e8mia i s&#8217;analitzar\u00e0 com s&#8217;han vist afectades les relacions entre persones de diferents edats.[\/vc_column_text][\/vc_column][\/vc_row][vc_row el_id=&#8221;DESTACADO_NOTICIA&#8221;][vc_column][vc_column_text el_class=&#8221;cuadronoticia&#8221;]<\/p>\n<h5>Puri Vives, regidora de Pol\u00edtiques de Majors, afirma que \u201ces tracta d&#8217;un espai on joves i majors poden expressar-se lliurement i compartir amb la resta els seus dubtes i les seues inquietuds, al mateix temps que s\u00f3n assessorats per una experta en intergeneracions\u201d<\/h5>\n<p>[\/vc_column_text][\/vc_column][\/vc_row][vc_row el_id=&#8221;TEXTO_FIN_NOTICIA&#8221;][vc_column][vc_column_text]La regidora de Pol\u00edtica de Majors, Puri Vives, ha afirmat que \u201ces tracta d&#8217;un <strong>espai on joves i majors poden expressar-se lliurement i compartir amb la resta els seus dubtes i les seus inquietuds<\/strong>, al mateix temps que s\u00f3n assessorades per una experta en intergeneracions\u201d. Sacramento Pinazo, professora de Psicologia Social a la Universitat de Val\u00e8ncia i presidenta de la Societat Valenciana de Geriatria i Gerontologia, ser\u00e0 l&#8217;encarregada de conduir el seminari en l\u00ednia.<\/p>\n<p>Per la seua part, <strong>Marga Ant\u00f3n, regidora de Joventut, ha ressaltat que \u201cser\u00e0 una hora i mitja de treball intens entre il\u00b7licitanes i il\u00b7licitans<\/strong> de totes les edats\u201d.<\/p>\n<hr \/>\n<p>[\/vc_column_text][\/vc_column][\/vc_row]<\/p>\n<\/div>","protected":false},"excerpt":{"rendered":"<p>[vc_row el_id=&#8221;SUBTITULAR_NOTICIA&#8221;][vc_column][vc_column_text] El seminari en l\u00ednia tindr\u00e0 lloc el dimecres 31 de mar\u00e7 a les 18 hores i la inscripci\u00f3 es podr\u00e0 realitzar a trav\u00e9s d&#8217;un formulari telem\u00e0tic [\/vc_column_text][\/vc_column][\/vc_row][vc_row el_id=&#8221;TEXTO_NOTICIA&#8221;][vc_column][vc_column_text]L&#8217;Ajuntament [&hellip;]<\/p>\n","protected":false},"author":15,"featured_media":140036,"comment_status":"closed","ping_status":"closed","sticky":false,"template":"","format":"standard","meta":{"footnotes":""},"categories":[391,215,890,1312],"tags":[],"class_list":["post-140071","post","type-post","status-publish","format-standard","has-post-thumbnail","hentry","category-home-va","category-joventut","category-mayores-va","category-noticias-va"],"_links":{"self":[{"href":"https:\/\/www.elche.es\/va\/wp-json\/wp\/v2\/posts\/140071","targetHints":{"allow":["GET"]}}],"collection":[{"href":"https:\/\/www.elche.es\/va\/wp-json\/wp\/v2\/posts"}],"about":[{"href":"https:\/\/www.elche.es\/va\/wp-json\/wp\/v2\/types\/post"}],"author":[{"embeddable":true,"href":"https:\/\/www.elche.es\/va\/wp-json\/wp\/v2\/users\/15"}],"replies":[{"embeddable":true,"href":"https:\/\/www.elche.es\/va\/wp-json\/wp\/v2\/comments?post=140071"}],"version-history":[{"count":0,"href":"https:\/\/www.elche.es\/va\/wp-json\/wp\/v2\/posts\/140071\/revisions"}],"wp:featuredmedia":[{"embeddable":true,"href":"https:\/\/www.elche.es\/va\/wp-json\/wp\/v2\/media\/140036"}],"wp:attachment":[{"href":"https:\/\/www.elche.es\/va\/wp-json\/wp\/v2\/media?parent=140071"}],"wp:term":[{"taxonomy":"category","embeddable":true,"href":"https:\/\/www.elche.es\/va\/wp-json\/wp\/v2\/categories?post=140071"},{"taxonomy":"post_tag","embeddable":true,"href":"https:\/\/www.elche.es\/va\/wp-json\/wp\/v2\/tags?post=140071"}],"curies":[{"name":"wp","href":"https:\/\/api.w.org\/{rel}","templated":true}]}}