{"id":140115,"date":"2021-03-23T19:36:17","date_gmt":"2021-03-23T18:36:17","guid":{"rendered":"https:\/\/www.elche.es\/2021\/03\/lajuntament-dona-suport-als-joves-directors-de-cinema-a-traves-de-la-xxiii-mostra-de-cinema-jove-delx\/"},"modified":"2021-05-03T12:09:53","modified_gmt":"2021-05-03T11:09:53","slug":"lajuntament-dona-suport-als-joves-directors-de-cinema-a-traves-de-la-xxiii-mostra-de-cinema-jove-delx","status":"publish","type":"post","link":"https:\/\/www.elche.es\/va\/2021\/03\/lajuntament-dona-suport-als-joves-directors-de-cinema-a-traves-de-la-xxiii-mostra-de-cinema-jove-delx\/","title":{"rendered":"L&#8217;Ajuntament dona suport als joves directors de cinema a trav\u00e9s de la \u2018XXIII Mostra de Cinema Jove d\u2019Elx\u2019"},"content":{"rendered":"<div class=\"wpb-content-wrapper\"><p>[vc_row el_id=&#8221;SUBTITULAR_NOTICIA&#8221;][vc_column][vc_column_text]<\/p>\n<hr \/>\n<h4>El termini d&#8217;inscripci\u00f3 de curtmetratges s&#8217;obrir\u00e0 en els pr\u00f2xims dies, finalitzar\u00e0 el 15 d&#8217;abril i les sol\u00b7licituds es presentaran a trav\u00e9s de la seu electr\u00f2nica de l&#8217;Ajuntament<\/h4>\n<hr \/>\n<p>[\/vc_column_text][\/vc_column][\/vc_row][vc_row el_id=&#8221;TEXTO_NOTICIA&#8221;][vc_column][vc_column_text]<strong>L&#8217;Ajuntament d&#8217;Elx continua amb el suport als joves directors de cinema a trav\u00e9s de la \u2018XXIII Mostra de Cinema Jove d\u2019Elx\u201d.<\/strong> La regidora de Joventut, <strong>Marga Ant\u00f3n, ha presentat aquest mat\u00ed la vint-i-tresena edici\u00f3 de la mostra.<\/strong><\/p>\n<p><strong>Enguany se celebrar\u00e0 entre els dies 11 i 14 de maig, i el 15 de maig ser\u00e0 el lliurament de premis. Podr\u00e0 participar qualsevol curtmetratge realitzat per joves d&#8217;entre 14 i 30 anys amb resid\u00e8ncia legal a Espanya.<\/strong> El termini d&#8217;inscripci\u00f3 s&#8217;obrir\u00e0 en els pr\u00f2xims dies, finalitzar\u00e0 el 15 d&#8217;abril i les sol\u00b7licituds es presentaran a trav\u00e9s de la seu electr\u00f2nica de l&#8217;Ajuntament.<\/p>\n<p><strong>Les obres presentades han de ser originals i produ\u00efdes despr\u00e9s de l&#8217;1 de gener de 2019, amb una duraci\u00f3 m\u00e0xima de 15 minuts<\/strong>, amb els cr\u00e8dits inclosos. El tema ser\u00e0 lliure, es valoraran tant obres de ficci\u00f3 com de no ficci\u00f3 i nom\u00e9s s&#8217;acceptar\u00e0 una obra per director o directora.<\/p>\n<p>Com a novetat, <strong>enguany s&#8217;ha desdoblegat el premi al millor curt realitzat per joves, dividint-lo per edats<\/strong> i s&#8217;ha afegit un esment especial als valors socials.[\/vc_column_text][\/vc_column][\/vc_row][vc_row el_id=&#8221;DESTACADO_NOTICIA&#8221;][vc_column][vc_column_text el_class=&#8221;cuadronoticia&#8221;]<\/p>\n<h5>Marga Ant\u00f3n, regidora de Joventut, afirma que \u201ccontinuem apostant pel talent i per la creativitat dels nostres joves a l&#8217;hora de realitzar curtmetratges\u201d<\/h5>\n<p>[\/vc_column_text][\/vc_column][\/vc_row][vc_row el_id=&#8221;TEXTO_FIN_NOTICIA&#8221;][vc_column][vc_column_text]<strong>La mostra compta amb diferents guardons com el premi al millor curt realitzat per joves de 19 a 30 anys dotat amb 1.000 euros, el premi al millor curt fet per joves de 14 a 18 anys valorat en 700 euros o el premi \u2018Ciutat d\u2019Elx\u2019 estimat en 500 euros.<\/strong> Aquest \u00faltim premi t\u00e9 requisits espec\u00edfics, es concedir\u00e0 sempre que el director o la directora haja nascut o residisca a Elx o a un altre municipi de la comarca del Baix Vinalop\u00f3 o estiga cursant el Grau en Comunicaci\u00f3 Audiovisual en la Universitat Miguel Hern\u00e1ndez d&#8217;Elx. <strong>A m\u00e9s del premi en met\u00e0l\u00b7lic, el curtmetratge guardonat amb aquest reconeixement accedir\u00e0 al 44 Festival Internacional de Cinema Independent d&#8217;Elx<\/strong>, que se celebrar\u00e0 al juliol d&#8217;enguany.<\/p>\n<p>A part dels premis ja esmentats, tamb\u00e9 es concediran esments especials a la millor direcci\u00f3, a la millor actriu, al millor actor, al millor gui\u00f3 original, al millor curtmetratge en valenci\u00e0 i als valors socials, tots aquests tindran un premi de 300 euros.<\/p>\n<p>La regidora de Cultura, <strong>Marga Ant\u00f3n, ha afirmat que \u201ccontinuem apostant pel talent dels nostres joves a l&#8217;hora de realitzar curtmetratges\u201d<\/strong> i ha afegit que \u201c\u00e9s una bona oportunitat guanyar la possibilitat de participar en el Festival de Cinema Independent perqu\u00e8 \u00e9s un trampol\u00ed que dona molta visibilitat a directors i a directores que estan comen\u00e7ant o que ja tenen una certa traject\u00f2ria\u201d.<\/p>\n<hr \/>\n<p>[\/vc_column_text][vc_single_image image=&#8221;140101&#8243; img_size=&#8221;full&#8221; alignment=&#8221;center&#8221;][\/vc_column][\/vc_row][vc_row][vc_column width=&#8221;1\/6&#8243;][\/vc_column][vc_column width=&#8221;2\/3&#8243;]<audio class=\"sc_audio\" src=\"https:\/\/soundcloud.com\/ayuntamiento-de-elche\/marga-anton-concejala-de-juventud-5\" width=\"\" height=\"\"><\/audio>[\/vc_column][vc_column width=&#8221;1\/6&#8243;][\/vc_column][\/vc_row]<\/p>\n<\/div>","protected":false},"excerpt":{"rendered":"<p>[vc_row el_id=&#8221;SUBTITULAR_NOTICIA&#8221;][vc_column][vc_column_text] El termini d&#8217;inscripci\u00f3 de curtmetratges s&#8217;obrir\u00e0 en els pr\u00f2xims dies, finalitzar\u00e0 el 15 d&#8217;abril i les sol\u00b7licituds es presentaran a trav\u00e9s de la seu electr\u00f2nica de l&#8217;Ajuntament [\/vc_column_text][\/vc_column][\/vc_row][vc_row [&hellip;]<\/p>\n","protected":false},"author":15,"featured_media":140100,"comment_status":"closed","ping_status":"closed","sticky":false,"template":"","format":"standard","meta":{"footnotes":""},"categories":[193,391,215,1312],"tags":[],"class_list":["post-140115","post","type-post","status-publish","format-standard","has-post-thumbnail","hentry","category-cultura-va","category-home-va","category-joventut","category-noticias-va"],"_links":{"self":[{"href":"https:\/\/www.elche.es\/va\/wp-json\/wp\/v2\/posts\/140115","targetHints":{"allow":["GET"]}}],"collection":[{"href":"https:\/\/www.elche.es\/va\/wp-json\/wp\/v2\/posts"}],"about":[{"href":"https:\/\/www.elche.es\/va\/wp-json\/wp\/v2\/types\/post"}],"author":[{"embeddable":true,"href":"https:\/\/www.elche.es\/va\/wp-json\/wp\/v2\/users\/15"}],"replies":[{"embeddable":true,"href":"https:\/\/www.elche.es\/va\/wp-json\/wp\/v2\/comments?post=140115"}],"version-history":[{"count":0,"href":"https:\/\/www.elche.es\/va\/wp-json\/wp\/v2\/posts\/140115\/revisions"}],"wp:featuredmedia":[{"embeddable":true,"href":"https:\/\/www.elche.es\/va\/wp-json\/wp\/v2\/media\/140100"}],"wp:attachment":[{"href":"https:\/\/www.elche.es\/va\/wp-json\/wp\/v2\/media?parent=140115"}],"wp:term":[{"taxonomy":"category","embeddable":true,"href":"https:\/\/www.elche.es\/va\/wp-json\/wp\/v2\/categories?post=140115"},{"taxonomy":"post_tag","embeddable":true,"href":"https:\/\/www.elche.es\/va\/wp-json\/wp\/v2\/tags?post=140115"}],"curies":[{"name":"wp","href":"https:\/\/api.w.org\/{rel}","templated":true}]}}