{"id":140180,"date":"2021-03-24T12:56:56","date_gmt":"2021-03-24T11:56:56","guid":{"rendered":"https:\/\/www.elche.es\/2021\/03\/lajuntament-reconeix-la-labor-exercida-de-19-funcionaris-jubilats-enguany\/"},"modified":"2021-05-03T12:09:34","modified_gmt":"2021-05-03T11:09:34","slug":"lajuntament-reconeix-la-labor-exercida-de-19-funcionaris-jubilats-enguany","status":"publish","type":"post","link":"https:\/\/www.elche.es\/va\/2021\/03\/lajuntament-reconeix-la-labor-exercida-de-19-funcionaris-jubilats-enguany\/","title":{"rendered":"L&#8217;Ajuntament reconeix la labor exercida de 19 funcionaris jubilats enguany"},"content":{"rendered":"<div class=\"wpb-content-wrapper\"><p>[vc_row el_id=&#8221;SUBTITULAR_NOTICIA&#8221;][vc_column][vc_column_text]<\/p>\n<hr \/>\n<h4>L&#8217;alcalde d&#8217;Elx, Carlos Gonz\u00e1lez, i el regidor de Recursos Humans, Ram\u00f3n Abad, assisteixen a aquest acte que s&#8217;ha desenvolupat al Palau d&#8217;Altamira per a garantir les mesures de seguretat davant del coronavirus<\/h4>\n<hr \/>\n<p>[\/vc_column_text][\/vc_column][\/vc_row][vc_row el_id=&#8221;TEXTO_NOTICIA&#8221;][vc_column][vc_column_text]<strong>L&#8217;Ajuntament d&#8217;Elx ha reconegut aquesta vesprada la labor exercida per 19 funcionaris que s&#8217;han jubilat enguany. L&#8217;alcalde d&#8217;Elx, Carlos Gonz\u00e1lez, i el regidor de Recursos Humans, Ram\u00f3n Abad, han assistit a aquest acte, que habitualment se celebra al Sal\u00f3 de Plens i que hui s&#8217;ha traslladat al Pati d&#8217;Armes del Palau d&#8217;Altamira<\/strong> per a garantir les mesures de seguretat davant de la Covid-19.<\/p>\n<p>Tant l&#8217;alcalde com Abad han agra\u00eft la gesti\u00f3 municipal realitzada i les hores entregades a la ciutat, alguns dels jubilats han sigut testimonis de la seua hist\u00f2ria durant quaranta anys.<\/p>\n<p><strong>El responsable de l&#8217;Equip de Govern ha destacat la gran faena que han realitzat funcionaris de la policia, ordenances, administratius, escoles infantils i serveis t\u00e8cnics<\/strong>, entre altres. \u201cHeu aportat el vostre talent i esfor\u00e7 que han contribu\u00eft a l&#8217;objectiu de modernitzar la ciutat i de millorar la qualitat de vida dels ciutadans\u201d, ha assenyalat Gonz\u00e1lez.<\/p>\n<p><strong>L&#8217;acte ha concl\u00f2s amb el lliurament de diplomes,<\/strong> dels quals han sigut mereixedors: Tomasa Garc\u00eda Mart\u00ednez, Mar\u00eda Dolores Borbolla G\u00f3mez, Manuel Garc\u00eda Huertas, Juan Leon Fern\u00e1ndez Mart\u00ednez, Josefa S\u00e1nchez Gracia, Jos\u00e9 Mar\u00eda Juan Hidalgo, Jorge Enrique Navarro Frances, Jos\u00e9 Luis P\u00e9rez Oliver, Ram\u00f3n L\u00f3pez Cuadrado, Asunci\u00f3n Rizo Escudero, Roberto Garc\u00eda Amat, Jos\u00e9 Antonio Rebollo Escobedo, Juan Guillermo Campello Ant\u00f3n, Jos\u00e9 Antonio Gonzalvez Blasco, Mar\u00eda Dolores Vidal Verd\u00fa, Jes\u00fas Cruz Mart\u00ednez i Immaculada Ballesta Campello.<\/p>\n<hr \/>\n<p>[\/vc_column_text][\/vc_column][\/vc_row][vc_row][vc_column width=&#8221;1\/2&#8243;]<audio class=\"sc_audio\" src=\"https:\/\/soundcloud.com\/ayuntamiento-de-elche\/carlos-gonzalez-306225799\" width=\"\" height=\"\"><\/audio>[\/vc_column][vc_column width=&#8221;1\/2&#8243;]<audio class=\"sc_audio\" src=\"https:\/\/soundcloud.com\/ayuntamiento-de-elche\/ramon-abad-concejal-de-recursos-humanos\" width=\"\" height=\"\"><\/audio>[\/vc_column][\/vc_row]<\/p>\n<\/div>","protected":false},"excerpt":{"rendered":"<p>[vc_row el_id=&#8221;SUBTITULAR_NOTICIA&#8221;][vc_column][vc_column_text] L&#8217;alcalde d&#8217;Elx, Carlos Gonz\u00e1lez, i el regidor de Recursos Humans, Ram\u00f3n Abad, assisteixen a aquest acte que s&#8217;ha desenvolupat al Palau d&#8217;Altamira per a garantir les mesures de [&hellip;]<\/p>\n","protected":false},"author":15,"featured_media":140150,"comment_status":"closed","ping_status":"closed","sticky":false,"template":"","format":"standard","meta":{"footnotes":""},"categories":[161,391,1312,223],"tags":[],"class_list":["post-140180","post","type-post","status-publish","format-standard","has-post-thumbnail","hentry","category-ajuntament","category-home-va","category-noticias-va","category-recursos-humans-va"],"_links":{"self":[{"href":"https:\/\/www.elche.es\/va\/wp-json\/wp\/v2\/posts\/140180","targetHints":{"allow":["GET"]}}],"collection":[{"href":"https:\/\/www.elche.es\/va\/wp-json\/wp\/v2\/posts"}],"about":[{"href":"https:\/\/www.elche.es\/va\/wp-json\/wp\/v2\/types\/post"}],"author":[{"embeddable":true,"href":"https:\/\/www.elche.es\/va\/wp-json\/wp\/v2\/users\/15"}],"replies":[{"embeddable":true,"href":"https:\/\/www.elche.es\/va\/wp-json\/wp\/v2\/comments?post=140180"}],"version-history":[{"count":0,"href":"https:\/\/www.elche.es\/va\/wp-json\/wp\/v2\/posts\/140180\/revisions"}],"wp:featuredmedia":[{"embeddable":true,"href":"https:\/\/www.elche.es\/va\/wp-json\/wp\/v2\/media\/140150"}],"wp:attachment":[{"href":"https:\/\/www.elche.es\/va\/wp-json\/wp\/v2\/media?parent=140180"}],"wp:term":[{"taxonomy":"category","embeddable":true,"href":"https:\/\/www.elche.es\/va\/wp-json\/wp\/v2\/categories?post=140180"},{"taxonomy":"post_tag","embeddable":true,"href":"https:\/\/www.elche.es\/va\/wp-json\/wp\/v2\/tags?post=140180"}],"curies":[{"name":"wp","href":"https:\/\/api.w.org\/{rel}","templated":true}]}}