{"id":140493,"date":"2021-03-26T16:17:40","date_gmt":"2021-03-26T15:17:40","guid":{"rendered":"https:\/\/www.elche.es\/2021\/03\/les-platges-delx-comptaran-amb-un-dispositiu-de-salvament-i-de-socorrisme-durant-la-setmana-santa\/"},"modified":"2021-05-03T12:04:06","modified_gmt":"2021-05-03T11:04:06","slug":"les-platges-delx-comptaran-amb-un-dispositiu-de-salvament-i-de-socorrisme-durant-la-setmana-santa","status":"publish","type":"post","link":"https:\/\/www.elche.es\/va\/2021\/03\/les-platges-delx-comptaran-amb-un-dispositiu-de-salvament-i-de-socorrisme-durant-la-setmana-santa\/","title":{"rendered":"Les platges d&#8217;Elx comptaran amb un dispositiu de salvament i de socorrisme durant la Setmana Santa"},"content":{"rendered":"<div class=\"wpb-content-wrapper\"><p>[vc_row el_id=&#8221;SUBTITULAR_NOTICIA&#8221;][vc_column][vc_column_text]<\/p>\n<hr \/>\n<h4>El servei, que ser\u00e0 prestat per l&#8217;Associaci\u00f3 d&#8217;Ajuda en carretera DYA, estar\u00e0 en funcionament fins al 5 d&#8217;abril, en horari d&#8217;11 a 17 hores<\/h4>\n<hr \/>\n<p>[\/vc_column_text][\/vc_column][\/vc_row][vc_row el_id=&#8221;TEXTO_NOTICIA&#8221;][vc_column][vc_column_text]<strong>El regidor de Turisme de l&#8217;Ajuntament d&#8217;Elx, Carles Molina, ha anunciat aquest mat\u00ed que des de VisitElche s&#8217;ha posat en marxa el dispositiu de vigil\u00e0ncia i primers auxilis per a les platges il\u00b7licitanes durant la Setmana Santa.<\/strong> El servei, que ser\u00e0 prestat per l&#8217;Associaci\u00f3 d&#8217;Ajuda en carretera DYA Elx, estar\u00e0 en funcionament fins al 5 d&#8217;abril, en horari d&#8217;11 a 17 hores.<\/p>\n<p><strong>Durant aquest per\u00edode els llocs de socorrisme, situats als Arenals del Sol i a la Marina, romandran oberts<\/strong> amb un equip que donar\u00e0 cobertura a les platges del nord i sud del litoral il\u00b7licit\u00e0.[\/vc_column_text][\/vc_column][\/vc_row][vc_row el_id=&#8221;DESTACADO_NOTICIA&#8221;][vc_column][vc_column_text el_class=&#8221;cuadronoticia&#8221;]<\/p>\n<h5>El regidor de Turisme, Carles Molina, destaca que VisitElche ha considerat necessari mantindre aquest servei malgrat la disminuci\u00f3 de visitants provocada per les restriccions de mobilitat a conseq\u00fc\u00e8ncia de la pand\u00e8mia<\/h5>\n<p>[\/vc_column_text][\/vc_column][\/vc_row][vc_row el_id=&#8221;TEXTO_FIN_NOTICIA&#8221;][vc_column][vc_column_text]<strong>El regidor ha explicat que tots dos llocs comptaran amb la pres\u00e8ncia de dos socorristes i primers auxilis que estaran dotats de tot el material necessari.<\/strong> A m\u00e9s, el dispositiu est\u00e0 dotat d&#8217;embarcacions de rescat amb patr\u00f3 i socorrista que cobriran la vigil\u00e0ncia costanera de la zona assignada i dues ambul\u00e0ncies assistides.<\/p>\n<p><strong>Molina ha destacat que VisitElche ha considerat necessari mantindre aquest servei malgrat la disminuci\u00f3 del nombre de visitants<\/strong>\u00a0provocada per les restriccions de mobilitat, que es mantenen en gran part del territori nacional, a conseq\u00fc\u00e8ncia de la pand\u00e8mia.<\/p>\n<hr \/>\n<p>[\/vc_column_text][\/vc_column][\/vc_row]<\/p>\n<\/div>","protected":false},"excerpt":{"rendered":"<p>[vc_row el_id=&#8221;SUBTITULAR_NOTICIA&#8221;][vc_column][vc_column_text] El servei, que ser\u00e0 prestat per l&#8217;Associaci\u00f3 d&#8217;Ajuda en carretera DYA, estar\u00e0 en funcionament fins al 5 d&#8217;abril, en horari d&#8217;11 a 17 hores [\/vc_column_text][\/vc_column][\/vc_row][vc_row el_id=&#8221;TEXTO_NOTICIA&#8221;][vc_column][vc_column_text]El regidor de [&hellip;]<\/p>\n","protected":false},"author":15,"featured_media":140482,"comment_status":"closed","ping_status":"closed","sticky":false,"template":"","format":"standard","meta":{"footnotes":""},"categories":[161,391,1312,228],"tags":[],"class_list":["post-140493","post","type-post","status-publish","format-standard","has-post-thumbnail","hentry","category-ajuntament","category-home-va","category-noticias-va","category-turisme-va"],"_links":{"self":[{"href":"https:\/\/www.elche.es\/va\/wp-json\/wp\/v2\/posts\/140493","targetHints":{"allow":["GET"]}}],"collection":[{"href":"https:\/\/www.elche.es\/va\/wp-json\/wp\/v2\/posts"}],"about":[{"href":"https:\/\/www.elche.es\/va\/wp-json\/wp\/v2\/types\/post"}],"author":[{"embeddable":true,"href":"https:\/\/www.elche.es\/va\/wp-json\/wp\/v2\/users\/15"}],"replies":[{"embeddable":true,"href":"https:\/\/www.elche.es\/va\/wp-json\/wp\/v2\/comments?post=140493"}],"version-history":[{"count":0,"href":"https:\/\/www.elche.es\/va\/wp-json\/wp\/v2\/posts\/140493\/revisions"}],"wp:featuredmedia":[{"embeddable":true,"href":"https:\/\/www.elche.es\/va\/wp-json\/wp\/v2\/media\/140482"}],"wp:attachment":[{"href":"https:\/\/www.elche.es\/va\/wp-json\/wp\/v2\/media?parent=140493"}],"wp:term":[{"taxonomy":"category","embeddable":true,"href":"https:\/\/www.elche.es\/va\/wp-json\/wp\/v2\/categories?post=140493"},{"taxonomy":"post_tag","embeddable":true,"href":"https:\/\/www.elche.es\/va\/wp-json\/wp\/v2\/tags?post=140493"}],"curies":[{"name":"wp","href":"https:\/\/api.w.org\/{rel}","templated":true}]}}