{"id":140496,"date":"2021-03-26T16:27:39","date_gmt":"2021-03-26T15:27:39","guid":{"rendered":"https:\/\/www.elche.es\/2021\/03\/lajuntament-delx-llanca-un-nou-paquet-dajudes-per-valor-de-33-milions-per-a-autonoms-i-micropimes-afectats-per-la-pandemia\/"},"modified":"2021-05-03T12:03:53","modified_gmt":"2021-05-03T11:03:53","slug":"lajuntament-delx-llanca-un-nou-paquet-dajudes-per-valor-de-33-milions-per-a-autonoms-i-micropimes-afectats-per-la-pandemia","status":"publish","type":"post","link":"https:\/\/www.elche.es\/va\/2021\/03\/lajuntament-delx-llanca-un-nou-paquet-dajudes-per-valor-de-33-milions-per-a-autonoms-i-micropimes-afectats-per-la-pandemia\/","title":{"rendered":"L&#8217;Ajuntament d&#8217;Elx llan\u00e7a un nou paquet d&#8217;ajudes per valor de 3,3 milions per a aut\u00f2noms i micropimes afectats per la pand\u00e8mia"},"content":{"rendered":"<div class=\"wpb-content-wrapper\"><p>[vc_row el_id=&#8221;SUBTITULAR_NOTICIA&#8221;][vc_column][vc_column_text]<\/p>\n<hr \/>\n<h4>El principal destinatari del \u201cPla Par\u00e8ntesi 2\u201d \u00e9s el comer\u00e7 no essencial, per\u00f2 tamb\u00e9 beneficiar\u00e0 sectors com la pirot\u00e8cnia, els clubs esportius, els firaires d&#8217;atraccions i els organitzadors d&#8217;esdeveniments<\/h4>\n<hr \/>\n<p>[\/vc_column_text][\/vc_column][\/vc_row][vc_row el_id=&#8221;TEXTO_NOTICIA&#8221;][vc_column][vc_column_text]<strong>L&#8217;Ajuntament d&#8217;Elx llan\u00e7a una nova campanya d&#8217;ajudes per a aut\u00f2noms i micropimes denominada \u201cPla Par\u00e8ntesi 2\u201d<\/strong> centrada en el comer\u00e7 no essencial i amb una dotaci\u00f3 pressupost\u00e0ria m\u00e0xima de 3,3 milions d&#8217;euros, amb un abast de 1.200 euros per activitat econ\u00f2mica i 100 per treballador, tal com han informat aquest mat\u00ed l&#8217;alcalde d&#8217;Elx, <strong>Carlos Gonz\u00e1lez, i la regidora de Mobilitat, Esther D\u00edez, acompanyats pels regidors de Promoci\u00f3 Econ\u00f2mica, Carles Molina, i de Comer\u00e7, Felip S\u00e0nchez<\/strong>.<\/p>\n<p>\u201cEns dirigirem fonamentalment al comer\u00e7 no essencial, que s&#8217;ha vist obligat a reduir la seua activitat per avan\u00e7ar l&#8217;horari de tancament, per\u00f2 tamb\u00e9 a altres sectors afectats que han patit similars conseq\u00fc\u00e8ncies com pirot\u00e8cnies, clubs esportius, firaires d&#8217;atraccions i organitzadors d&#8217;esdeveniments\u201d, ha explicat l&#8217;alcalde.[\/vc_column_text][\/vc_column][\/vc_row][vc_row el_id=&#8221;DESTACADO_NOTICIA&#8221;][vc_column][vc_column_text el_class=&#8221;cuadronoticia&#8221;]L&#8217;alcalde, Carlos Gonz\u00e1lez, diu que \u201cl&#8217;objectiu \u00e9s arribar entre 2.500 i 2.800 activitats\u201d i la regidora de Mobilitat, Esther D\u00edez, assenyala que \u201cla prioritat \u00e9s destinar els m\u00e0xims recursos p\u00fablics a les persones m\u00e9s afectades\u201d[\/vc_column_text][\/vc_column][\/vc_row][vc_row][vc_column][vc_column_text]\u201c<strong>L&#8217;objectiu que es proposa l&#8217;Equip de Govern \u00e9s arribar entre 2.500 i 2.800 activitats econ\u00f2miques, aut\u00f2noms i micropimes<\/strong>, i per a posar-ho en marxa ens reunirem els pr\u00f2xims dies amb les associacions de comerciants i amb els col\u00b7lectius concernits per aquesta iniciativa per a consensuar unes bases que reunisquen els requisits de simplicitat administrativa amb els quals treballem i que recullen els perfils dels destinataris amb la finalitat que en la primera quinzena del mes d&#8217;abril es puguen aprovar les bases\u201d, ha assenyalat el responsable de l&#8217;Equip de Govern.<\/p>\n<h5><strong>Prioritat<\/strong><\/h5>\n<p>Per la seua part, <strong>la regidora de Mobilitat ha assenyalat que \u201cla prioritat per a aquest Govern Municipal \u00e9s alleujar la situaci\u00f3 dels sectors que m\u00e9s afectats s&#8217;han vist per la pand\u00e8mia<\/strong>. Aix\u00ed ho vam fer ja en 2020, quan vam canviar amb rapidesa els recursos que estaven destinats a altres q\u00fcestions en el pressupost\u201d.<\/p>\n<p>\u201c<strong>Hem sigut l&#8217;Ajuntament que m\u00e9s r\u00e0pid ha fet la tramitaci\u00f3 perqu\u00e8 entenem que aquesta ha de ser la prioritat absoluta i ja est\u00e0 en marxa aquest nou paquet d&#8217;ajudes.<\/strong> Anirem afrontant el que queda d&#8217;any amb aquesta mateixa perspectiva i tenim molt clar que la prioritat ha de ser destinar els m\u00e0xims recursos p\u00fablics a les persones m\u00e9s afectades per aquesta crisi sanit\u00e0ria, ha expressat D\u00edez.[\/vc_column_text][\/vc_column][\/vc_row][vc_row][vc_column][vc_column_text el_class=&#8221;cuadronoticia&#8221;]El consistori il\u00b7licit\u00e0 \u00e9s el primer de la prov\u00edncia que realitza els pagaments del primer pla amb un total de 2.939.000 euros a 1.294 beneficiaris[\/vc_column_text][\/vc_column][\/vc_row][vc_row el_id=&#8221;TEXTO_FIN_NOTICIA&#8221;][vc_column][vc_column_text]<\/p>\n<h5><strong>Pagaments realitzats<\/strong><\/h5>\n<p>D&#8217;altra banda, l&#8217;alcalde ha informat que \u201c<strong>el passat 5 de febrer es van aprovar les bases del primer paquet d&#8217;ajudes i hui ja hem pagat el 92,5% de les sol\u00b7licituds estimades<\/strong>. Hem fet un esfor\u00e7 d&#8217;agilitat, de celeritat administrativa, per a fer arribar les ajudes com m\u00e9s prompte millor als seus destinataris\u201d.<\/p>\n<p>Per a aquest primer pla <strong>s&#8217;han rebut un total de 1.463 sol\u00b7licituds<\/strong>, de les quals s&#8217;han estimat 1.294, dues s&#8217;han retirat, una est\u00e0 tramitant un requeriment de documentaci\u00f3 i 64 s&#8217;han desestimat. Hui dia, s&#8217;han efectuat cinc pagaments per un valor de 2.748.000 euros que han arribat a 1.198 beneficiaris.<\/p>\n<p><strong>La setmana vinent es donar\u00e0 eixida a l&#8217;\u00faltim decret de pagament que beneficiar\u00e0 96 activitats econ\u00f2miques per un valor de 191.362 euros. \u201cEn resum, aix\u00f2 significa que la setmana vinent l&#8217;Ajuntament d&#8217;Elx haur\u00e0 pagat 2.939.000 euros a 1.294 beneficiaris, una mitjana per beneficiari de 2.300 euros. Per tant, finalitzem el pagament d&#8217;ajudes del \u201cPla Par\u00e8ntesi\u201d<\/strong> amb la satisfacci\u00f3 de ser el primer municipi de la prov\u00edncia d&#8217;Alacant que completa el pagament de les ajudes i el primer de la Comunitat juntament amb l&#8217;Ajuntament de Val\u00e8ncia\u201d, ha assegurat Gonz\u00e1lez.<\/p>\n<p><strong>\u201cHem pogut dur a terme aquest pagament de tres milions d&#8217;euros perqu\u00e8 vam rebre la transfer\u00e8ncia de la Generalitat Valenciana<\/strong> amb absoluta immediatesa una setmana despr\u00e9s de posar-se en marxa el pla i perqu\u00e8 l&#8217;Ajuntament ha avan\u00e7at de la nostra pr\u00f2pia tresoreria 1.400.000 euros que havia d&#8217;haver aportat la Diputaci\u00f3 i que encara no ha transferit\u201d, ha assenyalat l&#8217;alcalde. A m\u00e9s, ha felicitat el personal de la Regidoria de Promoci\u00f3 Econ\u00f2mica pel treball realitzat per fer realitat aquestes ajudes.<\/p>\n<hr \/>\n<p>[\/vc_column_text][\/vc_column][\/vc_row]<\/p>\n<\/div>","protected":false},"excerpt":{"rendered":"<p>[vc_row el_id=&#8221;SUBTITULAR_NOTICIA&#8221;][vc_column][vc_column_text] El principal destinatari del \u201cPla Par\u00e8ntesi 2\u201d \u00e9s el comer\u00e7 no essencial, per\u00f2 tamb\u00e9 beneficiar\u00e0 sectors com la pirot\u00e8cnia, els clubs esportius, els firaires d&#8217;atraccions i els organitzadors [&hellip;]<\/p>\n","protected":false},"author":15,"featured_media":140479,"comment_status":"closed","ping_status":"closed","sticky":false,"template":"","format":"standard","meta":{"footnotes":""},"categories":[2636,391,217,1312],"tags":[],"class_list":["post-140496","post","type-post","status-publish","format-standard","has-post-thumbnail","hentry","category-comerc-va","category-home-va","category-mobilitat","category-noticias-va"],"_links":{"self":[{"href":"https:\/\/www.elche.es\/va\/wp-json\/wp\/v2\/posts\/140496","targetHints":{"allow":["GET"]}}],"collection":[{"href":"https:\/\/www.elche.es\/va\/wp-json\/wp\/v2\/posts"}],"about":[{"href":"https:\/\/www.elche.es\/va\/wp-json\/wp\/v2\/types\/post"}],"author":[{"embeddable":true,"href":"https:\/\/www.elche.es\/va\/wp-json\/wp\/v2\/users\/15"}],"replies":[{"embeddable":true,"href":"https:\/\/www.elche.es\/va\/wp-json\/wp\/v2\/comments?post=140496"}],"version-history":[{"count":0,"href":"https:\/\/www.elche.es\/va\/wp-json\/wp\/v2\/posts\/140496\/revisions"}],"wp:featuredmedia":[{"embeddable":true,"href":"https:\/\/www.elche.es\/va\/wp-json\/wp\/v2\/media\/140479"}],"wp:attachment":[{"href":"https:\/\/www.elche.es\/va\/wp-json\/wp\/v2\/media?parent=140496"}],"wp:term":[{"taxonomy":"category","embeddable":true,"href":"https:\/\/www.elche.es\/va\/wp-json\/wp\/v2\/categories?post=140496"},{"taxonomy":"post_tag","embeddable":true,"href":"https:\/\/www.elche.es\/va\/wp-json\/wp\/v2\/tags?post=140496"}],"curies":[{"name":"wp","href":"https:\/\/api.w.org\/{rel}","templated":true}]}}