{"id":140553,"date":"2021-03-29T08:35:40","date_gmt":"2021-03-29T07:35:40","guid":{"rendered":"https:\/\/www.elche.es\/2021\/03\/lexposicio-passos-al-carrer-recull-imatges-dels-45-passos-de-la-setmana-santa-il%c2%b7licitana\/"},"modified":"2021-05-03T12:03:41","modified_gmt":"2021-05-03T11:03:41","slug":"lexposicio-passos-al-carrer-recull-imatges-dels-45-passos-de-la-setmana-santa-il%c2%b7licitana","status":"publish","type":"post","link":"https:\/\/www.elche.es\/va\/2021\/03\/lexposicio-passos-al-carrer-recull-imatges-dels-45-passos-de-la-setmana-santa-il%c2%b7licitana\/","title":{"rendered":"L&#8217;exposici\u00f3 &#8216;Passos al Carrer&#8217; recull imatges dels 45 passos de la Setmana Santa Il\u00b7licitana"},"content":{"rendered":"<div class=\"wpb-content-wrapper\"><p>[vc_row el_id=&#8221;SUBTITULAR_NOTICIA&#8221;][vc_column][vc_column_text]<\/p>\n<hr \/>\n<h4>L&#8217;alcalde, Carlos Gonz\u00e1lez, i la regidora de Festes, Mariola Galiana, han sigut rebuts pel president de la Junta Major, Joaqu\u00edn Mart\u00ednez, en la fa\u00e7ana principal de la bas\u00edlica de Santa Maria per a iniciar el recorregut de la mostra a l&#8217;aire lliure que es podr\u00e0 visitar fins al 4 d&#8217;abril<\/h4>\n<hr \/>\n<p>[\/vc_column_text][\/vc_column][\/vc_row][vc_row el_id=&#8221;TEXTO_NOTICIA&#8221;][vc_column][vc_column_text]<strong>L&#8217;alcalde, Carlos Gonz\u00e1lez, i la regidora de Festes, Mariola Galiana<\/strong>, han sigut rebuts pel <strong>president de la Junta Major de Confraries i Germandats de la Setmana Santa d&#8217;Elx, Joaqu\u00edn Mart\u00ednez<\/strong>, aquesta vesprada en la fa\u00e7ana principal de la bas\u00edlica de Santa Maria per a iniciar el recorregut de l&#8217;<strong>Exposici\u00f3 \u201cPassos al Carrer\u201d<\/strong>, una mostra promoguda de manera conjunta per la Regidoria de Festes i la Junta Major de Confraries i Germandats, que s&#8217;ha inaugurat hui, 26 de mar\u00e7, i <strong>es podr\u00e0 visitar fins al pr\u00f2xim 4 d&#8217;abril<\/strong>.<\/p>\n<p>El recorregut de <strong>l&#8217;exposici\u00f3 s&#8217;inicia al costat de la fa\u00e7ana de la bas\u00edlica de Santa Maria<\/strong>, amb la imatge del Diumenge de Rams, i discorre per la pla\u00e7a del Congr\u00e9s Eucar\u00edstic i la pla\u00e7a de la Merc\u00e8 per a arribar al carrer Ample. A continuaci\u00f3, es gira cap al carrer Corredora fins a arribar a la pla\u00e7a de Baix, on es troben les fotografies del Crist Ressuscitat i la Verge de l&#8217;Assumpci\u00f3, que representen la Process\u00f3 de les Al\u00b7leluies.[\/vc_column_text][\/vc_column][\/vc_row][vc_row el_id=&#8221;DESTACADO_NOTICIA&#8221;][vc_column][vc_column_text el_class=&#8221;cuadronoticia&#8221;]<\/p>\n<h5>La mostra tamb\u00e9 inclou la Trenc\u00e0 del Gui\u00f3 i dos panells explicatius al principi i al final d&#8217;aquesta<\/h5>\n<p>[\/vc_column_text][\/vc_column][\/vc_row][vc_row el_id=&#8221;TEXTO_FIN_NOTICIA&#8221;][vc_column][vc_column_text]<strong>L&#8217;objectiu de l&#8217;exposici\u00f3 \u00e9s cobrir el buit dels confrares en no haver processons enguany.<\/strong> Per tant, 24 panells de grans dimensions, impresos per davant i per darrere, <strong>recullen fotografies dels 45 passos de la Setmana Santa Il\u00b7licitana<\/strong>, la cerim\u00f2nia de la Trenc\u00e0 del Gui\u00f3 i, a m\u00e9s, hi ha dos panells explicatius al principi i al final d&#8217;aquesta.<\/p>\n<p>Les imatges dels panells han sigut realitzades pels<strong> fot\u00f2grafs il\u00b7licitans Francisco Javier Guilabert \u00c1vila, Juan Huedo D\u00edaz, Inmaculada Rom\u00e1n Bot\u00eda, Remedios Galindo Clement, Jos\u00e9 A. Bevia Botella, Encarni Mart\u00ednez Marco i Fernando Huedo D\u00edaz<\/strong>.<\/p>\n<p>Tant l&#8217;Ajuntament com la Junta Major de Confraries i Germandats d&#8217;Elx, <strong>han volgut agrair el treball realitzat pels artistes i que ha perm\u00e9s fer possible l&#8217;exposici\u00f3 a l&#8217;aire lliure en la qual es respecten les mesures sanit\u00e0ries i es posa en valor la Setmana Santa Il\u00b7licitana<\/strong>.<\/p>\n<hr \/>\n<p>[\/vc_column_text][\/vc_column][\/vc_row][vc_row][vc_column width=&#8221;1\/6&#8243;][\/vc_column][vc_column width=&#8221;2\/3&#8243;]<audio class=\"sc_audio\" src=\"\" width=\"\" height=\"\"><\/audio>[\/vc_column][vc_column width=&#8221;1\/6&#8243;][\/vc_column][\/vc_row]<\/p>\n<\/div>","protected":false},"excerpt":{"rendered":"<p>[vc_row el_id=&#8221;SUBTITULAR_NOTICIA&#8221;][vc_column][vc_column_text] L&#8217;alcalde, Carlos Gonz\u00e1lez, i la regidora de Festes, Mariola Galiana, han sigut rebuts pel president de la Junta Major, Joaqu\u00edn Mart\u00ednez, en la fa\u00e7ana principal de la bas\u00edlica [&hellip;]<\/p>\n","protected":false},"author":15,"featured_media":140509,"comment_status":"closed","ping_status":"closed","sticky":false,"template":"","format":"standard","meta":{"footnotes":""},"categories":[391,1312],"tags":[],"class_list":["post-140553","post","type-post","status-publish","format-standard","has-post-thumbnail","hentry","category-home-va","category-noticias-va"],"_links":{"self":[{"href":"https:\/\/www.elche.es\/va\/wp-json\/wp\/v2\/posts\/140553","targetHints":{"allow":["GET"]}}],"collection":[{"href":"https:\/\/www.elche.es\/va\/wp-json\/wp\/v2\/posts"}],"about":[{"href":"https:\/\/www.elche.es\/va\/wp-json\/wp\/v2\/types\/post"}],"author":[{"embeddable":true,"href":"https:\/\/www.elche.es\/va\/wp-json\/wp\/v2\/users\/15"}],"replies":[{"embeddable":true,"href":"https:\/\/www.elche.es\/va\/wp-json\/wp\/v2\/comments?post=140553"}],"version-history":[{"count":0,"href":"https:\/\/www.elche.es\/va\/wp-json\/wp\/v2\/posts\/140553\/revisions"}],"wp:featuredmedia":[{"embeddable":true,"href":"https:\/\/www.elche.es\/va\/wp-json\/wp\/v2\/media\/140509"}],"wp:attachment":[{"href":"https:\/\/www.elche.es\/va\/wp-json\/wp\/v2\/media?parent=140553"}],"wp:term":[{"taxonomy":"category","embeddable":true,"href":"https:\/\/www.elche.es\/va\/wp-json\/wp\/v2\/categories?post=140553"},{"taxonomy":"post_tag","embeddable":true,"href":"https:\/\/www.elche.es\/va\/wp-json\/wp\/v2\/tags?post=140553"}],"curies":[{"name":"wp","href":"https:\/\/api.w.org\/{rel}","templated":true}]}}