{"id":140589,"date":"2021-03-29T09:39:09","date_gmt":"2021-03-29T08:39:09","guid":{"rendered":"https:\/\/www.elche.es\/2021\/03\/tall-de-carrer-major-del-pla\/"},"modified":"2021-05-03T12:03:04","modified_gmt":"2021-05-03T11:03:04","slug":"tall-de-carrer-major-del-pla","status":"publish","type":"post","link":"https:\/\/www.elche.es\/va\/2021\/03\/tall-de-carrer-major-del-pla\/","title":{"rendered":"TALL DE CARRER MAJOR DEL PLA"},"content":{"rendered":"<p>El dimarts 30 de mar\u00e7 de 2021, es tallar\u00e0 el carrer Major del Pla d&#8217;11.00 a 13.30 hores per treballs de manteniment d&#8217;enllumenat p\u00fablic.<\/p>\n<p>Es recomana com a vies alternatives per a accedir fins a pla\u00e7a del Pont i pont de Santa Teresa, per Gabriel Mir\u00f3, Passeig de Germanies, Manuel L\u00f3pez Quereda, Sor Josefa Alcorta, pla\u00e7a dels Reis Cat\u00f2lics, Santa Anna i pla\u00e7a del Pont.<\/p>\n","protected":false},"excerpt":{"rendered":"<p>El dimarts 30 de mar\u00e7 de 2021, es tallar\u00e0 el carrer Major del Pla d&#8217;11.00 a 13.30 hores per treballs de manteniment d&#8217;enllumenat p\u00fablic. Es recomana com a vies alternatives [&hellip;]<\/p>\n","protected":false},"author":15,"featured_media":140534,"comment_status":"closed","ping_status":"closed","sticky":false,"template":"","format":"standard","meta":{"footnotes":""},"categories":[882,1323],"tags":[],"class_list":["post-140589","post","type-post","status-publish","format-standard","has-post-thumbnail","hentry","category-incidencies-i-avisos","category-policia-local-trafico-va"],"_links":{"self":[{"href":"https:\/\/www.elche.es\/va\/wp-json\/wp\/v2\/posts\/140589","targetHints":{"allow":["GET"]}}],"collection":[{"href":"https:\/\/www.elche.es\/va\/wp-json\/wp\/v2\/posts"}],"about":[{"href":"https:\/\/www.elche.es\/va\/wp-json\/wp\/v2\/types\/post"}],"author":[{"embeddable":true,"href":"https:\/\/www.elche.es\/va\/wp-json\/wp\/v2\/users\/15"}],"replies":[{"embeddable":true,"href":"https:\/\/www.elche.es\/va\/wp-json\/wp\/v2\/comments?post=140589"}],"version-history":[{"count":0,"href":"https:\/\/www.elche.es\/va\/wp-json\/wp\/v2\/posts\/140589\/revisions"}],"wp:featuredmedia":[{"embeddable":true,"href":"https:\/\/www.elche.es\/va\/wp-json\/wp\/v2\/media\/140534"}],"wp:attachment":[{"href":"https:\/\/www.elche.es\/va\/wp-json\/wp\/v2\/media?parent=140589"}],"wp:term":[{"taxonomy":"category","embeddable":true,"href":"https:\/\/www.elche.es\/va\/wp-json\/wp\/v2\/categories?post=140589"},{"taxonomy":"post_tag","embeddable":true,"href":"https:\/\/www.elche.es\/va\/wp-json\/wp\/v2\/tags?post=140589"}],"curies":[{"name":"wp","href":"https:\/\/api.w.org\/{rel}","templated":true}]}}