{"id":140607,"date":"2021-03-29T10:39:07","date_gmt":"2021-03-29T09:39:07","guid":{"rendered":"https:\/\/www.elche.es\/2021\/03\/lalcalde-delx-fa-una-crida-perque-es-vacune-tot-el-professorat-i-aconseguir-arribar-els-9-000-immunitzats\/"},"modified":"2021-05-03T12:02:49","modified_gmt":"2021-05-03T11:02:49","slug":"lalcalde-delx-fa-una-crida-perque-es-vacune-tot-el-professorat-i-aconseguir-arribar-els-9-000-immunitzats","status":"publish","type":"post","link":"https:\/\/www.elche.es\/va\/2021\/03\/lalcalde-delx-fa-una-crida-perque-es-vacune-tot-el-professorat-i-aconseguir-arribar-els-9-000-immunitzats\/","title":{"rendered":"L&#8217;alcalde d&#8217;Elx fa una crida perqu\u00e8 es vacune tot el professorat i aconseguir arribar als 9.000 immunitzats"},"content":{"rendered":"<div class=\"wpb-content-wrapper\"><p>[vc_row el_id=&#8221;SUBTITULAR_NOTICIA&#8221;][vc_column][vc_column_text]<\/p>\n<hr \/>\n<h4>Carlos Gonz\u00e1lez considera essencial mantindre la din\u00e0mica de les dues primeres jornades en l&#8217;Esperanza Lag durant les quals s&#8217;han vacunat m\u00e9s de 3.200 persones<\/h4>\n<hr \/>\n<p>[\/vc_column_text][\/vc_column][\/vc_row][vc_row el_id=&#8221;TEXTO_NOTICIA&#8221;][vc_column][vc_column_text]<strong>L&#8217;alcalde d&#8217;Elx, Carlos Gonz\u00e1lez, fa una crida perqu\u00e8 tot el professorat se sume al proc\u00e9s de vacunaci\u00f3 massiva al pavell\u00f3 Esperanza Lag els pr\u00f2xims dies 31 i 1 amb l&#8217;objectiu d&#8217;aconseguir arribar als 9.000 immunitzats.<\/strong> Gonz\u00e1lez ent\u00e9n que \u00e9s essencial mantindre la din\u00e0mica dels dos primers dies en els quals <strong>s&#8217;han vacunat m\u00e9s de 3.200 docents<\/strong>.<\/p>\n<p><strong>\u201cEl proc\u00e9s de vacunaci\u00f3 \u00e9s positiu perqu\u00e8 s&#8217;estan complint els objectius. D&#8217;una banda, hi ha una molt bona resposta del professorat.<\/strong> En aquestes dues primeres jornades s&#8217;han realitzat ja m\u00e9s de 3.200 vacunacions i no hi ha hagut cap mena d&#8217;incid\u00e8ncia. I d&#8217;altra banda, l&#8217;organitzaci\u00f3 est\u00e0 permetent que la din\u00e0mica del proc\u00e9s de vacunaci\u00f3 siga \u00e0gil i c\u00f2moda. En conclusi\u00f3, les dues primeres jornades han transcorregut dins de la m\u00e9s absoluta normalitat\u201d, assenyala el responsable de l&#8217;Equip de Govern Municipal.<\/p>\n<p><strong>\u201cAquesta setmana hi haur\u00e0 sessions de vacunaci\u00f3 els dies 31 i 1 al centre provisional de vacunaci\u00f3 del pavell\u00f3 Esperanza Lag, a la Ciutat Esportiva, i \u00e9s absolutament essencial que tant el personal docent com el no docent de la nostra ciutat i del conjunt dels municipis dels nostres departaments de salut continuen acudint a la vacunaci\u00f3<\/strong> per aconseguir l&#8217;objectiu de poder vacunar entorn a 9.000 professors en aquesta campanya\u201d, indica Carlos Gonz\u00e1lez.<\/p>\n<p>L&#8217;alcalde il\u00b7licit\u00e0 considera que \u201cest\u00e0 sent una experi\u00e8ncia \u00fatil que ens permet pensar que la vacunaci\u00f3 massiva del mes d&#8217;abril pot anar b\u00e9 si es disposa de les vacunes suficients, una de les claus essencials per a impulsar aquest proc\u00e9s\u201d.<\/p>\n<hr \/>\n<p>[\/vc_column_text][\/vc_column][\/vc_row][vc_row][vc_column width=&#8221;1\/6&#8243;][\/vc_column][vc_column width=&#8221;2\/3&#8243;]<audio class=\"sc_audio\" src=\"https:\/\/soundcloud.com\/ayuntamiento-de-elche\/carlos-gonzalez-795355860\" width=\"\" height=\"\"><\/audio>[\/vc_column][vc_column width=&#8221;1\/6&#8243;][\/vc_column][\/vc_row]<\/p>\n<\/div>","protected":false},"excerpt":{"rendered":"<p>[vc_row el_id=&#8221;SUBTITULAR_NOTICIA&#8221;][vc_column][vc_column_text] Carlos Gonz\u00e1lez considera essencial mantindre la din\u00e0mica de les dues primeres jornades en l&#8217;Esperanza Lag durant les quals s&#8217;han vacunat m\u00e9s de 3.200 persones [\/vc_column_text][\/vc_column][\/vc_row][vc_row el_id=&#8221;TEXTO_NOTICIA&#8221;][vc_column][vc_column_text]L&#8217;alcalde d&#8217;Elx, Carlos [&hellip;]<\/p>\n","protected":false},"author":15,"featured_media":140594,"comment_status":"closed","ping_status":"closed","sticky":false,"template":"","format":"standard","meta":{"footnotes":""},"categories":[194,391,1312,893],"tags":[],"class_list":["post-140607","post","type-post","status-publish","format-standard","has-post-thumbnail","hentry","category-educacio-va","category-home-va","category-noticias-va","category-sanidad-va"],"_links":{"self":[{"href":"https:\/\/www.elche.es\/va\/wp-json\/wp\/v2\/posts\/140607","targetHints":{"allow":["GET"]}}],"collection":[{"href":"https:\/\/www.elche.es\/va\/wp-json\/wp\/v2\/posts"}],"about":[{"href":"https:\/\/www.elche.es\/va\/wp-json\/wp\/v2\/types\/post"}],"author":[{"embeddable":true,"href":"https:\/\/www.elche.es\/va\/wp-json\/wp\/v2\/users\/15"}],"replies":[{"embeddable":true,"href":"https:\/\/www.elche.es\/va\/wp-json\/wp\/v2\/comments?post=140607"}],"version-history":[{"count":0,"href":"https:\/\/www.elche.es\/va\/wp-json\/wp\/v2\/posts\/140607\/revisions"}],"wp:featuredmedia":[{"embeddable":true,"href":"https:\/\/www.elche.es\/va\/wp-json\/wp\/v2\/media\/140594"}],"wp:attachment":[{"href":"https:\/\/www.elche.es\/va\/wp-json\/wp\/v2\/media?parent=140607"}],"wp:term":[{"taxonomy":"category","embeddable":true,"href":"https:\/\/www.elche.es\/va\/wp-json\/wp\/v2\/categories?post=140607"},{"taxonomy":"post_tag","embeddable":true,"href":"https:\/\/www.elche.es\/va\/wp-json\/wp\/v2\/tags?post=140607"}],"curies":[{"name":"wp","href":"https:\/\/api.w.org\/{rel}","templated":true}]}}