{"id":144816,"date":"2021-05-03T17:18:56","date_gmt":"2021-05-03T16:18:56","guid":{"rendered":"https:\/\/www.elche.es\/2021\/05\/la-conselleria-de-medi-ambient-protegeix-espais-naturals-en-el-sud-de-la-provincia-per-a-rescatar-especies-amenacades-com-la-gavina-capblanca\/"},"modified":"2021-05-04T11:34:00","modified_gmt":"2021-05-04T10:34:00","slug":"la-conselleria-de-medi-ambient-protegeix-espais-naturals-en-el-sud-de-la-provincia-per-a-rescatar-especies-amenacades-com-la-gavina-capblanca","status":"publish","type":"post","link":"https:\/\/www.elche.es\/va\/2021\/05\/la-conselleria-de-medi-ambient-protegeix-espais-naturals-en-el-sud-de-la-provincia-per-a-rescatar-especies-amenacades-com-la-gavina-capblanca\/","title":{"rendered":"La Conselleria de Medi Ambient protegeix espais naturals en el sud de la prov\u00edncia per a rescatar esp\u00e8cies amena\u00e7ades com la gavina capblanca"},"content":{"rendered":"<div class=\"wpb-content-wrapper\"><p>[vc_row el_id=&#8221;SUBTITULAR_NOTICIA&#8221;][vc_column][vc_column_text]<\/p>\n<hr \/>\n<h4>La consellera Mireia Moll\u00e0 visita les salines de Santa Pola &#8211; el Pinet on presenta un nou projecte per a recrear salines artificials en miniatura que ajude els visitants a comprendre el proc\u00e9s productiu de les salines<\/h4>\n<hr \/>\n<p>[\/vc_column_text][\/vc_column][\/vc_row][vc_row el_id=&#8221;TEXTO_NOTICIA&#8221;][vc_column][vc_column_text]<strong>La consellera de Medi Ambient, Mireia Moll\u00e0,<\/strong> ha visitat juntament amb la regidora de l&#8217;\u00e0rea, Esther D\u00edez, les salines de Santa Pola-el Pinet per a con\u00e9ixer l&#8217;<strong>estat de la gavina capblanca<\/strong>, una esp\u00e8cie en perill d&#8217;extinci\u00f3, inclosa en la categoria de vulnerable a la Comunitat Valenciana. Moll\u00e0 ha assenyalat que <strong>m\u00e9s del 50% d&#8217;aquest exemplar es troba en aquest paratge i ha informat que en tan sols un any s&#8217;ha passat de 1.000 parelles a 1.400<\/strong>.<\/p>\n<p>En la visita tamb\u00e9 han estat presents els regidors de Santa Pola de Medi Ambient, Jorge Antonio D\u00edez, i de Turisme, Julio Miguel Baeza, aix\u00ed com t\u00e8cnics municipals.<\/p>\n<p><strong>Moll\u00e0 ha assenyalat que \u201cperqu\u00e8 aquest tipus d&#8217;esp\u00e8cies vulnerables perduren en el temps o fins i tot vagen en augment s&#8217;han de protegir, cuidar i posar en valor tots aquells espais on viuen<\/strong> com les salines de Santa Pola, les llacunes de la Mata-Torrevella, el Fondo o el Clot de Galvany\u201d.<\/p>\n<p>D&#8217;altra banda, la consellera ha explicat el projecte que est\u00e0 prop del Museu de la Sal de Santa Pola, en col\u00b7laboraci\u00f3 amb l&#8217;Ajuntament de Santa Pola, per a<strong> recrear salines artificials en miniatura<\/strong> que ajude els visitants a comprendre el proc\u00e9s productiu de les salines.[\/vc_column_text][\/vc_column][\/vc_row][vc_row el_id=&#8221;DESTACADO_NOTICIA&#8221;][vc_column][vc_column_text el_class=&#8221;cuadronoticia&#8221;]<\/p>\n<h5>Esther D\u00edez recorda que des de la seua Regidoria es treballa en la mateixa l\u00ednia amb la incorporaci\u00f3 de noves esp\u00e8cies aut\u00f2ctones i destaca la posada en marxa de la sendera sud amb la qual es connectar\u00e0 Elx amb aquest paratge<\/h5>\n<p>[\/vc_column_text][\/vc_column][\/vc_row][vc_row el_id=&#8221;TEXTO_FIN_NOTICIA&#8221;][vc_column][vc_column_text]<strong>\u201cUna iniciativa que naix amb la finalitat d&#8217;educar als m\u00e9s menuts i ensenyar-los aquest sistema aiguamoll tan important per a la Comunitat Valenciana<\/strong>, aix\u00ed com les nostres tradicions vinculades en un entorn natural immillorable\u201d, ha indicat Moll\u00e0, que ha comunicat que despr\u00e9s d&#8217;aquesta parada tamb\u00e9 visitaran El Fondo on participaran amb Cocemfe (Confederaci\u00f3 Espanyola de Persones amb Discapacitat F\u00edsica i Org\u00e0nica) en un projecte que pret\u00e9n convertir els espais naturals en llocs on no hi haja barreres per a la discapacitat i puguen ser accessibles per a totes les persones amb diversitat funcional.<\/p>\n<p><strong>Per la seua part, la regidora de Medi Ambient ha destacat que \u201cdes de l&#8217;Ajuntament d&#8217;Elx estem molt agra\u00efts per la tasca que est\u00e0 desenvolupant la Conselleria de Medi Ambient<\/strong> en la preservaci\u00f3 de la biodiversitat dels nostres espais naturals\u201d i ha recordat que <strong>des de la Regidoria tamb\u00e9 es treballa en aquesta mateixa l\u00ednia amb la introducci\u00f3 d&#8217;esp\u00e8cies de nen\u00fafar blanc<\/strong>, una esp\u00e8cie en perill d&#8217;extinci\u00f3, que va ser incorporada la setmana passada al Clot de Galvany. Aix\u00ed mateix, D\u00edez ha recordat que des del seu departament es va posar en marxa la sendera sud del riu Vinalop\u00f3 que connectar\u00e0 el nucli urb\u00e0 amb les salines del Pinet, la qual cosa permetr\u00e0 que cada vegada siguen m\u00e9s les persones que coneguen el patrimoni natural i cultural del municipi.<\/p>\n<hr \/>\n<p>[\/vc_column_text][\/vc_column][\/vc_row][vc_row][vc_column width=&#8221;1\/2&#8243;]<audio class=\"sc_audio\" src=\"https:\/\/soundcloud.com\/ayuntamiento-de-elche\/esther-diez-concejala-de-medio-ambiente-6\" width=\"\" height=\"\"><\/audio>[\/vc_column][vc_column width=&#8221;1\/2&#8243;]<audio class=\"sc_audio\" src=\"https:\/\/soundcloud.com\/ayuntamiento-de-elche\/mireia-molla-consellera-de-transicion-ecologica\" width=\"\" height=\"\"><\/audio>[\/vc_column][\/vc_row]<\/p>\n<\/div>","protected":false},"excerpt":{"rendered":"<p>[vc_row el_id=&#8221;SUBTITULAR_NOTICIA&#8221;][vc_column][vc_column_text] La consellera Mireia Moll\u00e0 visita les salines de Santa Pola &#8211; el Pinet on presenta un nou projecte per a recrear salines artificials en miniatura que ajude els [&hellip;]<\/p>\n","protected":false},"author":15,"featured_media":144792,"comment_status":"closed","ping_status":"closed","sticky":false,"template":"","format":"standard","meta":{"footnotes":""},"categories":[391,211,1312],"tags":[],"class_list":["post-144816","post","type-post","status-publish","format-standard","has-post-thumbnail","hentry","category-home-va","category-medi-ambient-va","category-noticias-va"],"_links":{"self":[{"href":"https:\/\/www.elche.es\/va\/wp-json\/wp\/v2\/posts\/144816","targetHints":{"allow":["GET"]}}],"collection":[{"href":"https:\/\/www.elche.es\/va\/wp-json\/wp\/v2\/posts"}],"about":[{"href":"https:\/\/www.elche.es\/va\/wp-json\/wp\/v2\/types\/post"}],"author":[{"embeddable":true,"href":"https:\/\/www.elche.es\/va\/wp-json\/wp\/v2\/users\/15"}],"replies":[{"embeddable":true,"href":"https:\/\/www.elche.es\/va\/wp-json\/wp\/v2\/comments?post=144816"}],"version-history":[{"count":0,"href":"https:\/\/www.elche.es\/va\/wp-json\/wp\/v2\/posts\/144816\/revisions"}],"wp:featuredmedia":[{"embeddable":true,"href":"https:\/\/www.elche.es\/va\/wp-json\/wp\/v2\/media\/144792"}],"wp:attachment":[{"href":"https:\/\/www.elche.es\/va\/wp-json\/wp\/v2\/media?parent=144816"}],"wp:term":[{"taxonomy":"category","embeddable":true,"href":"https:\/\/www.elche.es\/va\/wp-json\/wp\/v2\/categories?post=144816"},{"taxonomy":"post_tag","embeddable":true,"href":"https:\/\/www.elche.es\/va\/wp-json\/wp\/v2\/tags?post=144816"}],"curies":[{"name":"wp","href":"https:\/\/api.w.org\/{rel}","templated":true}]}}