{"id":144819,"date":"2021-05-03T18:00:57","date_gmt":"2021-05-03T17:00:57","guid":{"rendered":"https:\/\/www.elche.es\/2021\/05\/arranca-el-nou-servei-de-neteja-a-elx-un-dels-mes-moderns-mecanitzats-i-sostenibles-del-pais\/"},"modified":"2021-05-06T11:41:34","modified_gmt":"2021-05-06T10:41:34","slug":"arranca-el-nou-servei-de-neteja-a-elx-un-dels-mes-moderns-mecanitzats-i-sostenibles-del-pais","status":"publish","type":"post","link":"https:\/\/www.elche.es\/va\/2021\/05\/arranca-el-nou-servei-de-neteja-a-elx-un-dels-mes-moderns-mecanitzats-i-sostenibles-del-pais\/","title":{"rendered":"Arranca el nou servei de Neteja a Elx, un dels m\u00e9s moderns, mecanitzats i sostenibles del pa\u00eds"},"content":{"rendered":"<div class=\"wpb-content-wrapper\"><p>[vc_row][vc_column][vc_column_text]<\/p>\n<hr \/>\n<h4>L&#8217;alcalde, Carlos Gonz\u00e1lez, destaca, durant la presentaci\u00f3 de la nova maquin\u00e0ria en la pla\u00e7a de l\u2019Algeps, que el nou servei suposa un salt qualitatiu i quantitatiu amb l&#8217;objectiu d&#8217;aconseguir barris, pedanies, platges i centre hist\u00f2ric m\u00e9s nets<\/h4>\n<hr \/>\n<h4><\/h4>\n<p>[\/vc_column_text][\/vc_column][\/vc_row][vc_row][vc_column][vc_column_text]Aquest dilluns s&#8217;ha posat en marxa el <strong>nou servei de neteja a Elx<\/strong> que, sota el logotip <strong>\u201cElx verda i neta\u201d<\/strong>, suposar\u00e0 \u201cun salt qualitatiu i quantitatiu\u201d en un dels principals serveis municipals a la ciutadania.<\/p>\n<p>Aix\u00ed ho ha assegurat <strong>l&#8217;alcalde d&#8217;Elx, Carlos Gonz\u00e1lez<\/strong>, que ha assistit a la presentaci\u00f3 del nou servei que dur\u00e0 a terme l&#8217;<strong>UTE Elx<\/strong>, <strong>constitu\u00efda per Urbaser i FCC<\/strong>.<\/p>\n<p>L&#8217;acte s&#8217;ha dut a terme en la pla\u00e7a de l\u2019Algeps on s&#8217;han exposat alguns dels <strong>nous vehicles que permetran avan\u00e7ar en la mecanitzaci\u00f3 del servei i en la sostenibilitat<\/strong> d&#8217;aquest. Han assistit, a m\u00e9s de l&#8217;alcalde; <strong>el regidor de Neteja, H\u00e9ctor D\u00edez<\/strong>; <strong>el gerent de l&#8217;UTE Elx, Alberto Bleda<\/strong>; aix\u00ed com t\u00e8cnics municipals, representants de la firma adjudicat\u00e0ria i dels treballadors d&#8217;aquesta.<\/p>\n<p>Tal com ha explicat Carlos Gonz\u00e1lez, \u201cel de neteja<strong> \u00e9s el servei que m\u00e9s es valora i que m\u00e9s impacte t\u00e9 en el dia a dia de la ciutat<\/strong>. Per a aquest Equip de Govern una de les prioritats \u00e9s donar resposta a un dels anhels de la ciutadania com \u00e9s tindre una de les ciutats m\u00e9s netes del pa\u00eds\u201d.<\/p>\n<p>\u201cHui <strong>posem en marxa un dels serveis de neteja m\u00e9s moderns, mecanitzats, sostenibles i digitalitzats de la Comunitat Valenciana i del pa\u00eds<\/strong>\u201d, ha apuntat l&#8217;alcalde, que ha afegit que \u201cl&#8217;objectiu \u00e9s aconseguir barris, pedanies, platges i centre hist\u00f2ric m\u00e9s nets. Fer un salt quantitatiu i qualitatiu en la neteja de la ciutat\u201d.[\/vc_column_text][\/vc_column][\/vc_row][vc_row][vc_column][vc_column_text el_class=&#8221;cuadronoticia&#8221;]<\/p>\n<h5>La implantaci\u00f3 del nou servei ser\u00e0 progressiva i des de hui es posa en marxa l&#8217;escombratge manual els set dies a la setmana, l&#8217;escombratge i aigualeig mec\u00e0nic de baixes emissions, la neteja d&#8217;espais lliures, cas de solars i cunetes, i la renovaci\u00f3 del parc de contenidors<\/h5>\n<p>[\/vc_column_text][\/vc_column][\/vc_row][vc_row][vc_column][vc_column_text]<strong>El nou servei de neteja es posar\u00e0 en marxa d&#8217;una forma escalonada al llarg del primer any.<\/strong> Aquest dilluns, 3 de maig, arranca el servei de neteja, i dins d&#8217;aquest hi ha quatre serveis essencials:<\/p>\n<p>&#8211; <strong>Escombratge manual els set dies de la setmana en tots els carrers d&#8217;Elx<\/strong> amb un equip de dones i d&#8217;homes dotats de nous uniformes, carros de neteja m\u00e9s lleugers i, aspiradors i bufadors el\u00e8ctrics que milloraran l&#8217;efic\u00e0cia del servei.<\/p>\n<p>&#8211; <strong>Escombratge i aigualeig mec\u00e0nic de baixes emissions: uns 130 vehicles per a donar suport a l&#8217;escombratge manual a barris i pedanies<\/strong> amb la tecnologia m\u00e9s avan\u00e7ada. M\u00e9s del 70% s\u00f3n vehicles el\u00e8ctrics o etiqueta ECO, m\u00e9s silenciosos, cosa que afavoreix un \u00fas m\u00e9s eficient de l&#8217;aigua i que permet una major salubritat, en incrementar la desinfecci\u00f3 amb l&#8217;\u00fas de productes de neteja d&#8217;etiqueta ecol\u00f2gica. A m\u00e9s, tota la flota de vehicles estar\u00e0 localitzada per GPS i controlada digitalment mitjan\u00e7ant sistema MOBA.<\/p>\n<p>&#8211; <strong>Neteja d&#8217;espais lliures<\/strong> (solars, cunetes, mitjanes i escocells): un servei vital per a garantir la bona imatge de la ciutat que, igualment experimentar\u00e0 una millora substancial en comptar de manera estable amb maquin\u00e0ria d&#8217;\u00faltima generaci\u00f3 (1 tractor de grans dimensions dotat de pala i tragella desbrossadora, 5 desbrossadores de motxilla i 2 desbrossadores el\u00e8ctriques).<\/p>\n<p>&#8211; A m\u00e9s, des d&#8217;aquest mateix mes de maig es posa en marxa la <strong>renovaci\u00f3 dels contenidors m\u00e9s deteriorats<\/strong> amb una primera actuaci\u00f3 dotada de 1.800 unitats. 500 contenidors met\u00e0l\u00b7lics per a substituir els que tenim en males condicions a pedanies i a zones industrials, 400 contenidors accessibles de fracci\u00f3 de resta per a nucli urb\u00e0, 400 contenidors d&#8217;envasos i 500 contenidors de paper cart\u00f3.[\/vc_column_text][\/vc_column][\/vc_row][vc_row][vc_column][vc_gallery type=&#8221;flexslider_slide&#8221; interval=&#8221;5&#8243; images=&#8221;144777,144765,144779,144775,144773,144771,144769&#8243; img_size=&#8221;full&#8221; css=&#8221;.vc_custom_1620049358029{margin-top: 25px !important;}&#8221;][\/vc_column][\/vc_row][vc_row][vc_column][vc_column_text]<strong>L&#8217;alcalde tamb\u00e9 ha posat de valor el proc\u00e9s de licitaci\u00f3 i d&#8217;adjudicaci\u00f3 d&#8217;aquest gran contracte<\/strong>, i assenyala que \u201cmalgrat la seua complexitat, ha sigut un procediment net i exemplar, des de la redacci\u00f3 del projecte fins a l&#8217;adjudicaci\u00f3 d&#8217;aquest, que garanteix al cent per cent l&#8217;objectivitat, ja que s&#8217;han utilitzat mitjans exclusivament p\u00fablics i, juntament amb aix\u00f2, ha sigut un proc\u00e9s participatiu\u201d.<\/p>\n<p>Carlos Gonz\u00e1lez ha agra\u00eft el <strong>gran esfor\u00e7 realitzat pel regidor de Neteja, H\u00e9ctor D\u00edez, i pels t\u00e8cnics municipals<\/strong> que han fet possible que Elx compte amb un nou servei de neteja.<\/p>\n<p>Finalment, ha destacat que \u201c<strong>aquest servei t\u00e9 un vessant de futur enormement important que \u00e9s la sostenibilitat<\/strong>, i la reducci\u00f3 d&#8217;emissions que representar\u00e0 al llarg de la vida del contracte. Transformar el principal contracte de la ciutat en una contracta sostenible \u00e9s un pas fonamental en l&#8217;objectiu de capital verda europea\u201d.[\/vc_column_text][\/vc_column][\/vc_row][vc_row][vc_column][vc_column_text el_class=&#8221;cuadronoticia&#8221;]<\/p>\n<h5>Per a el regidor de Neteja, H\u00e9ctor D\u00edez, el repte a partir d&#8217;ara \u00e9s \u201caconseguir que en l&#8217;estudi sobre \u2018Percepci\u00f3 de neteja a Espanya\u2019, que elabora l&#8217;OCU, arribem a millorar substancialment el lloc 20 que ocup\u00e0vem en l&#8217;informe de 2019\u201d<\/h5>\n<p>[\/vc_column_text][\/vc_column][\/vc_row][vc_row][vc_column][vc_column_text]Per la seua part, el regidor de Neteja, H\u00e9ctor D\u00edez, ha assenyalat que \u201c<strong>hui \u00e9s un dia molt important per a Elx perqu\u00e8 despr\u00e9s de 20 anys estrenem servei de neteja<\/strong>. Estem conven\u00e7uts que hem contractat un servei que respondr\u00e0 les expectatives que la ciutadania t\u00e9 respecte a neteja i recollida de residus\u201d.<\/p>\n<p>D\u00edez ha agra\u00eft el treball realitzat en els \u00faltims anys per tot el personal del servei, \u201c<strong>el nostre agra\u00efment a tots els homes i a totes les dones que han estat netejant la ciutat a pulm\u00f3 perqu\u00e8 a penes ten\u00edem maquin\u00e0ria i estava obsoleta<\/strong>. A partir d&#8217;ara podran treballar molt millor\u201d.<\/p>\n<p>El regidor ha dit que \u201cel repte a partir d&#8217;ara \u00e9s aconseguir que en l&#8217;estudi sobre \u2018Percepci\u00f3 de neteja a Espanya\u2019, que elabora l&#8217;OCU i que es presentar\u00e0 al maig de 2023, arribem a <strong>millorar substancialment el lloc 20 que ocup\u00e0vem en l&#8217;informe de 2019<\/strong>\u201d.<\/p>\n<p>Finalment, el gerent de l&#8217;empresa adjudicat\u00e0ria, Alberto Bleda, ha dit que <strong>\u201cel comprom\u00eds de l&#8217;UTE Elx \u00e9s anar de la m\u00e0 de l&#8217;Ajuntament amb uns objectius molt clars com s\u00f3n els que planteja l&#8217;Agenda 2030 i la consecuci\u00f3 d&#8217;una Ciutat Verda\u201d<\/strong>.<\/p>\n<hr \/>\n<p>[\/vc_column_text][\/vc_column][\/vc_row][vc_row][vc_column width=&#8221;1\/2&#8243;]<audio class=\"sc_audio\" src=\"https:\/\/soundcloud.com\/ayuntamiento-de-elche\/carlos-gonzalez-presenta-la-nueva-maquinaria-de-limpieza-de-elche\" width=\"\" height=\"\"><\/audio>[\/vc_column][vc_column width=&#8221;1\/2&#8243;]<audio class=\"sc_audio\" src=\"https:\/\/soundcloud.com\/ayuntamiento-de-elche\/hector-diez-presenta-la-nueva-maquinaria-de-limpieza-de-elche\" width=\"\" height=\"\"><\/audio>[\/vc_column][\/vc_row][vc_row][vc_column width=&#8221;1\/4&#8243;][\/vc_column][vc_column width=&#8221;1\/2&#8243;]<audio class=\"sc_audio\" src=\"https:\/\/soundcloud.com\/ayuntamiento-de-elche\/avenida-de-la-libertadalberto-bleda-presenta-la-nueva-maquinaria-de-limpieza-de-elche\" width=\"\" height=\"\"><\/audio>[\/vc_column][vc_column width=&#8221;1\/4&#8243;][\/vc_column][\/vc_row]<\/p>\n<\/div>","protected":false},"excerpt":{"rendered":"<p>[vc_row][vc_column][vc_column_text] L&#8217;alcalde, Carlos Gonz\u00e1lez, destaca, durant la presentaci\u00f3 de la nova maquin\u00e0ria en la pla\u00e7a de l\u2019Algeps, que el nou servei suposa un salt qualitatiu i quantitatiu amb l&#8217;objectiu d&#8217;aconseguir [&hellip;]<\/p>\n","protected":false},"author":15,"featured_media":144768,"comment_status":"closed","ping_status":"closed","sticky":false,"template":"","format":"standard","meta":{"footnotes":""},"categories":[391,680,1312],"tags":[],"class_list":["post-144819","post","type-post","status-publish","format-standard","has-post-thumbnail","hentry","category-home-va","category-mantenimiento-va","category-noticias-va"],"_links":{"self":[{"href":"https:\/\/www.elche.es\/va\/wp-json\/wp\/v2\/posts\/144819","targetHints":{"allow":["GET"]}}],"collection":[{"href":"https:\/\/www.elche.es\/va\/wp-json\/wp\/v2\/posts"}],"about":[{"href":"https:\/\/www.elche.es\/va\/wp-json\/wp\/v2\/types\/post"}],"author":[{"embeddable":true,"href":"https:\/\/www.elche.es\/va\/wp-json\/wp\/v2\/users\/15"}],"replies":[{"embeddable":true,"href":"https:\/\/www.elche.es\/va\/wp-json\/wp\/v2\/comments?post=144819"}],"version-history":[{"count":0,"href":"https:\/\/www.elche.es\/va\/wp-json\/wp\/v2\/posts\/144819\/revisions"}],"wp:featuredmedia":[{"embeddable":true,"href":"https:\/\/www.elche.es\/va\/wp-json\/wp\/v2\/media\/144768"}],"wp:attachment":[{"href":"https:\/\/www.elche.es\/va\/wp-json\/wp\/v2\/media?parent=144819"}],"wp:term":[{"taxonomy":"category","embeddable":true,"href":"https:\/\/www.elche.es\/va\/wp-json\/wp\/v2\/categories?post=144819"},{"taxonomy":"post_tag","embeddable":true,"href":"https:\/\/www.elche.es\/va\/wp-json\/wp\/v2\/tags?post=144819"}],"curies":[{"name":"wp","href":"https:\/\/api.w.org\/{rel}","templated":true}]}}