{"id":144823,"date":"2021-05-03T18:39:49","date_gmt":"2021-05-03T17:39:49","guid":{"rendered":"https:\/\/www.elche.es\/2021\/05\/pla-dasfaltat-en-barris-sant-crispi-cami-dels-magros-i-carrus\/"},"modified":"2021-05-03T18:42:09","modified_gmt":"2021-05-03T17:42:09","slug":"pla-dasfaltat-en-barris-sant-crispi-cami-dels-magros-i-carrus","status":"publish","type":"post","link":"https:\/\/www.elche.es\/va\/2021\/05\/pla-dasfaltat-en-barris-sant-crispi-cami-dels-magros-i-carrus\/","title":{"rendered":"Pla d&#8217;asfaltat en barris Sant Crisp\u00ed, Cam\u00ed dels Magros i Carr\u00fas."},"content":{"rendered":"<p><strong>Fase UN<\/strong> en entorn de la pla\u00e7a Pilar Mir\u00f3 i el tram contigu del carrer Manuel Vicente Pastor.\u00a0 A partir de les 08.00 treballs de fresat el dia 3 de maig i asfaltat dia 4.<\/p>\n<p><strong>Fase DOS<\/strong> al carrer Jos\u00e9 Romero L\u00f3pez, entre els carrers: Vict\u00f2ria Kent i Professor Francisco Tom\u00e1s i Valiente. A partir de les 09.30 treballs de fresat el dia 4 de maig i asfaltat els dies 5 i 6.<\/p>\n","protected":false},"excerpt":{"rendered":"<p>Fase UN en entorn de la pla\u00e7a Pilar Mir\u00f3 i el tram contigu del carrer Manuel Vicente Pastor.\u00a0 A partir de les 08.00 treballs de fresat el dia 3 de [&hellip;]<\/p>\n","protected":false},"author":15,"featured_media":0,"comment_status":"closed","ping_status":"closed","sticky":false,"template":"","format":"standard","meta":{"footnotes":""},"categories":[882,1323],"tags":[],"class_list":["post-144823","post","type-post","status-publish","format-standard","hentry","category-incidencies-i-avisos","category-policia-local-trafico-va"],"_links":{"self":[{"href":"https:\/\/www.elche.es\/va\/wp-json\/wp\/v2\/posts\/144823","targetHints":{"allow":["GET"]}}],"collection":[{"href":"https:\/\/www.elche.es\/va\/wp-json\/wp\/v2\/posts"}],"about":[{"href":"https:\/\/www.elche.es\/va\/wp-json\/wp\/v2\/types\/post"}],"author":[{"embeddable":true,"href":"https:\/\/www.elche.es\/va\/wp-json\/wp\/v2\/users\/15"}],"replies":[{"embeddable":true,"href":"https:\/\/www.elche.es\/va\/wp-json\/wp\/v2\/comments?post=144823"}],"version-history":[{"count":0,"href":"https:\/\/www.elche.es\/va\/wp-json\/wp\/v2\/posts\/144823\/revisions"}],"wp:attachment":[{"href":"https:\/\/www.elche.es\/va\/wp-json\/wp\/v2\/media?parent=144823"}],"wp:term":[{"taxonomy":"category","embeddable":true,"href":"https:\/\/www.elche.es\/va\/wp-json\/wp\/v2\/categories?post=144823"},{"taxonomy":"post_tag","embeddable":true,"href":"https:\/\/www.elche.es\/va\/wp-json\/wp\/v2\/tags?post=144823"}],"curies":[{"name":"wp","href":"https:\/\/api.w.org\/{rel}","templated":true}]}}