{"id":144936,"date":"2021-05-04T12:07:48","date_gmt":"2021-05-04T11:07:48","guid":{"rendered":"https:\/\/www.elche.es\/2021\/05\/javier-gutierrez-interpreta-lobra-principiantes-aquest-diumenge-en-el-gran-teatre\/"},"modified":"2021-05-05T07:32:55","modified_gmt":"2021-05-05T06:32:55","slug":"javier-gutierrez-interpreta-lobra-principiantes-aquest-diumenge-en-el-gran-teatre","status":"publish","type":"post","link":"https:\/\/www.elche.es\/va\/2021\/05\/javier-gutierrez-interpreta-lobra-principiantes-aquest-diumenge-en-el-gran-teatre\/","title":{"rendered":"Javier Guti\u00e9rrez interpreta l&#8217;obra Principiantes aquest diumenge en el Gran Teatre"},"content":{"rendered":"<div class=\"wpb-content-wrapper\"><p>[vc_row][vc_column][vc_column_text css=&#8221;.vc_custom_1620121013189{margin-bottom: 25px !important;}&#8221;]<\/p>\n<h4><b><span data-contrast=\"auto\">&#8211; L&#8217;<\/span><\/b><b><span data-contrast=\"auto\">adaptaci\u00f3 del llibre de Raymond <\/span><\/b><b><span data-contrast=\"auto\">Carver<\/span><\/b><b><span data-contrast=\"auto\"> arriba de la m\u00e0 d&#8217;Andr\u00e9s Lima amb M\u00f3nica Regueiro, Daniel P\u00e9rez Prada i Vicky Luengo\u00a0\u00a0<\/span><\/b><\/h4>\n<p>[\/vc_column_text][vc_column_text css=&#8221;.vc_custom_1620121042891{margin-bottom: 25px !important;}&#8221;]<\/p>\n<h4><b><span data-contrast=\"auto\">&#8211;<\/span><\/b><b><span data-contrast=\"auto\">\u00a0<\/span><\/b><b><span data-contrast=\"auto\">Sophia<\/span><\/b><b><span data-contrast=\"auto\">\u00a0<\/span><\/b><b><span data-contrast=\"auto\">Acosta<\/span><\/b><b><span data-contrast=\"auto\"> presenta el dissabte en L&#8217;Escorxador la pe\u00e7a de circ contemporani<\/span><\/b><b><span data-contrast=\"auto\">\u00a0<\/span><\/b><b><i><span data-contrast=\"auto\">Larga distancia<\/span><\/i><\/b><b><span data-contrast=\"auto\">\u00a0<\/span><\/b><span data-ccp-props=\"{&quot;335551550&quot;:6,&quot;335551620&quot;:6,&quot;335559738&quot;:240}\">\u00a0<\/span><\/h4>\n<h4><\/h4>\n<p>[\/vc_column_text][vc_column_text]<\/p>\n<h4><b><span data-contrast=\"auto\">&#8211;\u00a0<\/span><\/b><b><span data-contrast=\"auto\">Micky<\/span><\/b><b><span data-contrast=\"auto\"> y Los Colosos actuen el divendres en la Llotja dins del cicle de m\u00fasica<\/span><\/b><b><span data-contrast=\"auto\">\u00a0\u201c\u00c1ngel\u00a0<\/span><\/b><b><span data-contrast=\"auto\">Alfosea<\/span><\/b><b><span data-contrast=\"auto\">\u201d<\/span><\/b><span data-ccp-props=\"{&quot;335551550&quot;:6,&quot;335551620&quot;:6,&quot;335559738&quot;:240}\">\u00a0<\/span><\/h4>\n<p>[\/vc_column_text][\/vc_column][\/vc_row][vc_row][vc_column][vc_column_text css=&#8221;.vc_custom_1620119924850{margin-top: 50px !important;}&#8221;]<\/p>\n<hr \/>\n<p>El Gran Teatre acull el diumenge l&#8217;obra <em>Principiantes<\/em>. L&#8217;argument gira entorn del tema de l&#8217;amor, amb la hist\u00f2ria d&#8217;un matrimoni que queda a sopar amb una parella la relaci\u00f3 de la qual \u00e9s m\u00e9s recent. Juntament amb Javier Guti\u00e9rrez, els encarregats de donar vida a aquests personatges s\u00f3n M\u00f3nica Regueiro, Daniel P\u00e9rez Prada i Vicky Luengo.<\/p>\n<p>Sophia Acosta presenta en L&#8217;Escorxador <em>Larga distancia<\/em> una pe\u00e7a \u00fanica de circ contemporani. L&#8217;obra tracta els conceptes dist\u00e0ncia i comiat i col\u00b7loca el p\u00fablic en un lloc recognoscible per\u00f2 extret de la realitat.\u00a0 A m\u00e9s, el dissabte 9 es representar\u00e0 <em>Dolphin i la mar de pl\u00e0stic<\/em> una hist\u00f2ria de La Carreta per a tota la fam\u00edlia que busca reflexionar sobre la contaminaci\u00f3 que viuen les nostres mars.<\/p>\n<p>Del dimecres 5 al diumenge 9 de maig, es podr\u00e0 veure <i><span data-contrast=\"auto\">Nuestros mejores a\u00f1os<\/span><\/i><span data-contrast=\"auto\">\u00a0<\/span> als Cines Odeon. La pel\u00b7l\u00edcula narra la hist\u00f2ria de 4 amics al llarg de 40 anys i les transformacions a It\u00e0lia i el m\u00f3n durant aquest temps.<\/p>\n<p>Finalment, divendres, en la Llotja, es podr\u00e0 gaudir del concert de Micky y Los Colosos\u00a0 dins del cicle de m\u00fasica \u201c\u00c1ngel Alfosea\u201d, mentre que el dissabte i el diumenge tindrem Escola d&#8217;actors de la m\u00e0 de Conchi Iglesias.[\/vc_column_text][\/vc_column][\/vc_row][vc_row][vc_column][vc_column_text css=&#8221;.vc_custom_1620120160007{margin-top: 50px !important;}&#8221;]<\/p>\n<h4><b><span data-contrast=\"auto\">Gran\u00a0<\/span><\/b><b><span data-contrast=\"auto\">Teatre<\/span><\/b><span data-ccp-props=\"{&quot;335551550&quot;:2,&quot;335551620&quot;:2,&quot;335559738&quot;:240,&quot;335559740&quot;:360}\">\u00a0<\/span><\/h4>\n<p><strong>Dijous 6 de maig<\/strong><\/p>\n<p><strong>Cicle: <\/strong><span data-contrast=\"auto\">Dignitat<\/span><span data-contrast=\"auto\">\u00a0de la\u00a0<\/span><span data-contrast=\"auto\">Paraula<\/span><span data-contrast=\"auto\"> amb Mariano S\u00e1nchez Soler.<\/span><span data-ccp-props=\"{&quot;335559738&quot;:240,&quot;335559740&quot;:360}\">\u00a0<\/span><\/p>\n<p><strong>Entrades:<\/strong><span data-contrast=\"auto\"> Amb invitaci\u00f3 en la taquilla del Gran Teatre.\u00a0<\/span><\/p>\n<p><strong>Horari:<\/strong><span data-contrast=\"auto\"> 19.00 hores.<\/span><span data-ccp-props=\"{&quot;335559738&quot;:240,&quot;335559740&quot;:360}\">\u00a0<\/span><\/p>\n<p><strong>Informaci\u00f3:<\/strong><span data-contrast=\"auto\"> Mariano S\u00e1nchez Soler: escriptor, periodista, historiador i <\/span><span data-contrast=\"auto\">professor<\/span><span data-contrast=\"auto\">.\u00a0<\/span><span data-contrast=\"auto\">Llicenciat<\/span><span data-contrast=\"auto\">\u00a0en\u00a0<\/span><span data-contrast=\"auto\">Ci\u00e8ncies<\/span><span data-contrast=\"auto\">\u00a0de la\u00a0<\/span><span data-contrast=\"auto\">Informaci\u00f3<\/span><span data-contrast=\"auto\">\u00a0per la\u00a0Universitat\u00a0Complutense i Doctor en\u00a0Hist\u00f2ria\u00a0per la\u00a0<\/span><span data-contrast=\"auto\">Universitat<\/span><span data-contrast=\"auto\">\u00a0d&#8217;Alacant. Ha\u00a0<\/span><span data-contrast=\"auto\">exercit<\/span><span data-contrast=\"auto\">\u00a0el\u00a0<\/span><span data-contrast=\"auto\">periodisme<\/span><span data-contrast=\"auto\">\u00a0<\/span><span data-contrast=\"auto\">durant<\/span><span data-contrast=\"auto\">\u00a0tres\u00a0<\/span><span data-contrast=\"auto\">d\u00e8cades<\/span><span data-contrast=\"auto\">\u00a0i\u00a0<\/span><span data-contrast=\"auto\">ha<\/span><span data-contrast=\"auto\">\u00a0<\/span><span data-contrast=\"auto\">desenvolupat<\/span><span data-contrast=\"auto\">\u00a0una intensa labor\u00a0<\/span><span data-contrast=\"auto\">liter\u00e0ria<\/span><span data-contrast=\"auto\">\u00a0i\u00a0<\/span><span data-contrast=\"auto\">d&#8217;investigaci\u00f3<\/span><span data-contrast=\"auto\">\u00a0<\/span><span data-contrast=\"auto\">amb<\/span><span data-contrast=\"auto\">\u00a0<\/span><span data-contrast=\"auto\">m\u00e9s<\/span><span data-contrast=\"auto\">\u00a0de\u00a0<\/span><span data-contrast=\"auto\">quaranta<\/span><span data-contrast=\"auto\">\u00a0<\/span><span data-contrast=\"auto\">llibres<\/span><span data-contrast=\"auto\">\u00a0<\/span><span data-contrast=\"auto\">publicats<\/span><span data-contrast=\"auto\">.\u00a0<\/span><span data-contrast=\"auto\">Estudi\u00f3s<\/span><span data-contrast=\"auto\"> del f<\/span><span data-contrast=\"auto\">ranquisme<\/span><span data-contrast=\"auto\">, de la <\/span><span data-contrast=\"auto\">transici\u00f3<\/span><span data-contrast=\"auto\">\u00a0<\/span><span data-contrast=\"auto\">espanyola<\/span><span data-contrast=\"auto\">, de les trames <\/span><span data-contrast=\"auto\">negres <\/span><span data-contrast=\"auto\">i d<\/span><span data-contrast=\"auto\">els <\/span><span data-contrast=\"auto\">moviments <\/span><span data-contrast=\"auto\">d&#8217;extrema <\/span><span data-contrast=\"auto\">dreta<\/span><span data-contrast=\"auto\">.<\/span><span data-ccp-props=\"{&quot;335559738&quot;:240,&quot;335559740&quot;:360}\">\u00a0<\/span><\/p>\n<p><span data-contrast=\"auto\">Ha\u00a0<\/span><span data-contrast=\"auto\">rebut<\/span><span data-contrast=\"auto\">\u00a0el\u00a0<\/span><span data-contrast=\"auto\">premi<\/span><span data-contrast=\"auto\"> internacional Rodolfo Walsh de Literatura de No F<\/span><span data-contrast=\"auto\">icci\u00f3<\/span><span data-contrast=\"auto\">, el Francisco Garc\u00eda Pav\u00f3n de Narrativa, el L\u2019H Confidencial de\u00a0<\/span><span data-contrast=\"auto\">Novel\u00b7la<\/span><span data-contrast=\"auto\">\u00a0Negra, el\u00a0<\/span><span data-contrast=\"auto\">Premi<\/span><span data-contrast=\"auto\">\u00a0de la Cr\u00edtica\u00a0<\/span><span data-contrast=\"auto\">Liter\u00e0ria<\/span><span data-contrast=\"auto\">\u00a0Valenciana en la\u00a0<\/span><span data-contrast=\"auto\">seua<\/span><span data-contrast=\"auto\">\u00a0<\/span><span data-contrast=\"auto\">modalitat<\/span><span data-contrast=\"auto\">\u00a0<\/span><span data-contrast=\"auto\">d&#8217;assaig<\/span><span data-contrast=\"auto\">, el Bruma Negra\u00a0<\/span><span data-contrast=\"auto\">pel<\/span><span data-contrast=\"auto\">\u00a0<\/span><span data-contrast=\"auto\">conjunt<\/span><span data-contrast=\"auto\">\u00a0de la\u00a0<\/span><span data-contrast=\"auto\">seua<\/span><span data-contrast=\"auto\">\u00a0obra i el Castell\u00f3\u00a0<\/span><span data-contrast=\"auto\">Negre<\/span><span data-contrast=\"auto\"> per tota la <\/span><span data-contrast=\"auto\">seua <\/span><span data-contrast=\"auto\">traject\u00f2ria <\/span><span data-contrast=\"auto\">liter\u00e0ria<\/span><span data-contrast=\"auto\">.<\/span><span data-ccp-props=\"{&quot;335559738&quot;:240,&quot;335559740&quot;:360}\">\u00a0<\/span>[\/vc_column_text][\/vc_column][\/vc_row][vc_row][vc_column][vc_single_image image=&#8221;144877&#8243; img_size=&#8221;medium&#8221; alignment=&#8221;center&#8221; onclick=&#8221;link_image&#8221; css=&#8221;.vc_custom_1620120256694{margin-top: 25px !important;}&#8221;][\/vc_column][\/vc_row][vc_row][vc_column][vc_column_text css=&#8221;.vc_custom_1620120349716{margin-top: 25px !important;}&#8221;]<strong>Dissabte 8 de maig.\u00a0<\/strong><\/p>\n<p>Concert\u00a0d&#8217;abonament V\u00a0Am\u00e8rica<\/p>\n<p><strong>Entrades:<\/strong><span data-contrast=\"auto\"> En la taquilla del Gran Teatre o en Instanticket.\u00a0<\/span><\/p>\n<p><strong>Horari<\/strong><span data-contrast=\"auto\"><strong>:<\/strong>\u00a0<\/span><span data-contrast=\"auto\">19.<\/span><span data-contrast=\"auto\">00 hores.<\/span><span data-ccp-props=\"{&quot;335559738&quot;:240,&quot;335559740&quot;:360}\">\u00a0<\/span><\/p>\n<p><strong>Informaci\u00f3:<\/strong><span data-contrast=\"auto\">\u00a0<\/span><span data-contrast=\"none\">A.\u00a0<\/span><span data-contrast=\"none\">Copland<\/span><span data-contrast=\"none\">,\u00a0<\/span><i><span data-contrast=\"none\">Appalachian<\/span><\/i><i><span data-contrast=\"none\">\u00a0Spring<\/span><\/i><span data-contrast=\"none\">; A.\u00a0<\/span><span data-contrast=\"none\">Dvor\u00e1k<\/span><span data-contrast=\"none\">,\u00a0<\/span><i><span data-contrast=\"none\">Serenata<\/span><\/i><span data-contrast=\"none\">\u00a0<\/span><span data-contrast=\"none\">Op<\/span><span data-contrast=\"none\">. 44. Director:\u00a0<\/span><span data-contrast=\"none\">Mihnea<\/span><span data-contrast=\"none\">\u00a0Ignat.<\/span><span data-ccp-props=\"{&quot;335551550&quot;:6,&quot;335551620&quot;:6,&quot;335559738&quot;:240,&quot;335559740&quot;:360}\">\u00a0<\/span><\/p>\n<p>&nbsp;<\/p>\n<p><strong>Diumenge 9 de maig.\u00a0<\/strong><\/p>\n<p><strong>Teatre:<\/strong><span data-contrast=\"auto\"> <i>Principiantes<\/i>\u00a0<\/span><\/p>\n<p><strong>Entrades<\/strong><span data-contrast=\"auto\"><strong>:<\/strong> En la taquilla del Gran Teatre o en Instanticket.<\/span><\/p>\n<p><strong>Horari<\/strong><span data-contrast=\"auto\"><strong>:<\/strong> 19.00 hores.<\/span><\/p>\n<p><strong>Informaci\u00f3:<\/strong><span data-contrast=\"auto\"> <i>Principiantes<\/i> \u00e9s l&#8217;adaptaci\u00f3 teatral d&#8217;un dels relats m\u00e9s coneguts de Raymond Carver, que va ser originalment publicat en 1981 amb el t\u00edtol <i>De qu\u00e9<\/i><i>\u00a0<\/i><i>hablamos cuan<\/i><i>do hablamos de amor<\/i>. La pe\u00e7a gira precisament entorn del tema de l&#8217;amor, a trav\u00e9s de quatre personatges que conversen en una cuina: un matrimoni \u201cveter\u00e0\u201d i una parella d&#8217;amics m\u00e9s joves la relaci\u00f3 dels quals \u00e9s m\u00e9s recent. Al llarg d&#8217;una vesprada, els quatre comparteixen les seues experi\u00e8ncies i idees, grans i xicotetes, sobre el que significa l&#8217;amor i la necessitat de l&#8217;altre.\u00a0<\/span>[\/vc_column_text][\/vc_column][\/vc_row][vc_row][vc_column][vc_column_text css=&#8221;.vc_custom_1620120415575{margin-top: 50px !important;}&#8221;]<\/p>\n<h4><b><span data-contrast=\"auto\">Cines Odeon<\/span><\/b><span data-ccp-props=\"{&quot;335551550&quot;:2,&quot;335551620&quot;:2,&quot;335559739&quot;:150}\">\u00a0<\/span><\/h4>\n<p><strong>Del dimecres 5 al diumenge 9 de maig.\u00a0\u00a0 <\/strong><span data-ccp-props=\"{&quot;335559738&quot;:240,&quot;335559740&quot;:360}\">\u00a0<\/span><\/p>\n<p><strong>Cine:<\/strong><span data-contrast=\"auto\">\u00a0<\/span><i><span data-contrast=\"auto\">Nuestros\u00a0<\/span><\/i><i><span data-contrast=\"auto\">mejores<\/span><\/i><i><span data-contrast=\"auto\">\u00a0a\u00f1os<\/span><\/i><span data-contrast=\"auto\">\u00a0<\/span><span data-contrast=\"auto\">dirigida per<\/span><span data-contrast=\"auto\">\u00a0<\/span><span data-contrast=\"auto\">Gabriele\u00a0<\/span><span data-contrast=\"auto\">Muccino<\/span><span data-contrast=\"auto\">\u00a0<\/span><span data-contrast=\"auto\">(I<\/span><span data-contrast=\"auto\">t\u00e0lia<\/span><span data-contrast=\"auto\">).<\/span><span data-ccp-props=\"{&quot;335559738&quot;:240,&quot;335559740&quot;:360}\">\u00a0<\/span><\/p>\n<p><strong>Entrades<\/strong><span data-contrast=\"auto\"><strong>:<\/strong>\u00a0<\/span><span data-contrast=\"auto\">En taquilla i <\/span><span data-contrast=\"auto\">Instanticket<\/span><span data-contrast=\"auto\">.\u00a0<\/span><span data-ccp-props=\"{&quot;335559738&quot;:240,&quot;335559740&quot;:360}\">\u00a0<\/span><\/p>\n<p><strong>Sessions<\/strong><span data-contrast=\"auto\"><strong>:<\/strong>\u00a0<\/span><span data-contrast=\"auto\">17.00 i 19.30 hores. <\/span><span data-ccp-props=\"{&quot;335559738&quot;:240,&quot;335559740&quot;:360}\">\u00a0<\/span><\/p>\n<p><strong>Informaci\u00f3<\/strong><span data-contrast=\"auto\"><strong>:<\/strong> Quaranta anys al llarg de la vida de quatre amics, des dels anys huitanta fins a l&#8217;actualitat, que corren paral\u00b7lels a les transformacions a It\u00e0lia i el m\u00f3n durant aquest temps. <\/span><span data-ccp-props=\"{&quot;335551550&quot;:6,&quot;335551620&quot;:6,&quot;335559738&quot;:240,&quot;335559740&quot;:360}\">\u00a0<\/span>[\/vc_column_text][\/vc_column][\/vc_row][vc_row][vc_column][vc_column_text css=&#8221;.vc_custom_1620120511134{margin-top: 50px !important;}&#8221;]<\/p>\n<h4><b><span data-contrast=\"auto\">L\u2019Escorxador<\/span><\/b><span data-ccp-props=\"{&quot;335551550&quot;:2,&quot;335551620&quot;:2,&quot;335559738&quot;:240,&quot;335559740&quot;:360}\">\u00a0<\/span><\/h4>\n<p><strong>Dissabte 8 de maig.\u00a0<\/strong><\/p>\n<p><strong>Circ contemporani<\/strong><span data-contrast=\"auto\">\u00a0<\/span><i><span data-contrast=\"auto\">Larga distancia<\/span><\/i><span data-contrast=\"auto\">,\u00a0<\/span><span data-contrast=\"auto\">Sophia<\/span><span data-contrast=\"auto\">\u00a0Acosta.\u00a0<\/span><span data-ccp-props=\"{&quot;335559738&quot;:240,&quot;335559740&quot;:360}\">\u00a0<\/span><\/p>\n<p><strong>Entrades<\/strong><span data-contrast=\"auto\"><strong>:<\/strong>\u00a0<\/span><span data-contrast=\"auto\">En la taquilla del Gran Teatre, en <\/span><span data-contrast=\"auto\">Instanticket<\/span><span data-contrast=\"auto\"> i en la taquilla de L&#8217;<\/span><span data-contrast=\"auto\">Escorxador<\/span><span data-contrast=\"auto\"> una hora abans de l&#8217;espectacle.<\/span><span data-ccp-props=\"{&quot;335559738&quot;:240,&quot;335559740&quot;:360}\">\u00a0<\/span><\/p>\n<p><strong>Horari:<\/strong><span data-contrast=\"auto\">\u00a0<\/span><span data-contrast=\"auto\">19.<\/span><span data-contrast=\"auto\">00\u00a0<\/span><span data-contrast=\"auto\">hores.<\/span><span data-ccp-props=\"{&quot;335559738&quot;:240,&quot;335559740&quot;:360}\">\u00a0<\/span><\/p>\n<p><strong>Informaci\u00f3:<\/strong><span data-contrast=\"auto\"> Col\u00b7loca el p\u00fablic en un lloc recognoscible, extret de la realitat, que prompte genera un ensomni d&#8217;emb\u00f3s en un temps trencat on es troba atrapada la int\u00e8rpret. Fa un gest de complicitat a l&#8217;espacialitat, a les hist\u00f2ries humanes, a les fronteres, a l&#8217;enyoran\u00e7a, la soledat. \u00a0<i>Larga\u00a0<\/i><i>d<\/i><i>istancia<\/i>\u00a0 \u00e9s el que mai et vaig dir, la qual cosa es va quedar colpejant en el pit en marxar-me.\u00a0<\/span>[\/vc_column_text][\/vc_column][\/vc_row][vc_row][vc_column][vc_single_image image=&#8221;144886&#8243; img_size=&#8221;medium&#8221; alignment=&#8221;center&#8221; onclick=&#8221;link_image&#8221; css=&#8221;.vc_custom_1620120571775{margin-top: 25px !important;}&#8221;][\/vc_column][\/vc_row][vc_row][vc_column][vc_column_text css=&#8221;.vc_custom_1620120640908{margin-top: 25px !important;}&#8221;]<strong>Diumenge 9 de maig.\u00a0<\/strong><\/p>\n<p><strong>Teatre<\/strong><span data-contrast=\"auto\"><strong>:<\/strong>\u00a0<\/span><i><span data-contrast=\"auto\">Dolphin<\/span><\/i><i><span data-contrast=\"auto\">\u00a0i la mar de\u00a0<\/span><\/i><i><span data-contrast=\"auto\">pl\u00e0stic.<\/span><\/i><\/p>\n<p><strong>Entrades:<\/strong><span data-contrast=\"auto\">\u00a0En la taquilla del Gran Teatro, en\u00a0<\/span><span data-contrast=\"auto\">Instanticket<\/span><span data-contrast=\"auto\"> i en la taquilla de L&#8217;<\/span><span data-contrast=\"auto\">Escorxador<\/span><span data-contrast=\"auto\"> una hora abans de l&#8217;espectacle.<\/span><\/p>\n<p><strong>Horari:<\/strong><span data-contrast=\"auto\">\u00a0<\/span><span data-contrast=\"auto\">12.3<\/span><span data-contrast=\"auto\">0 hores. <\/span><span data-ccp-props=\"{&quot;335559738&quot;:240,&quot;335559740&quot;:360}\">\u00a0<\/span><\/p>\n<p><strong>Informaci\u00f3:<\/strong><span data-contrast=\"auto\"> En realitat \u00e9s la hist\u00f2ria de Llibertat. A Llibertat el que m\u00e9s li agrada en el m\u00f3n \u00e9s agafar la barca del seu avi i eixir a navegar. En una de les seues escapades coneixer\u00e0 Dolphin, un personatge entranyable, juganer. Per\u00f2 un dia Dolphin no ve a jugar, alguna cosa ha ocorregut i est\u00e0 atrapat en el fons de la mar. Lliber se submergeix per a ajudar el seu amic i es troba amb una realitat submarina que no podia imaginar. Aconseguir\u00e0 alliberar Dolphin?\u00a0<\/span>[\/vc_column_text][\/vc_column][\/vc_row][vc_row][vc_column][vc_single_image image=&#8221;144683&#8243; img_size=&#8221;medium&#8221; alignment=&#8221;center&#8221; onclick=&#8221;link_image&#8221; css=&#8221;.vc_custom_1620120682274{margin-top: 25px !important;}&#8221;][\/vc_column][\/vc_row][vc_row][vc_column][vc_column_text css=&#8221;.vc_custom_1620120736016{margin-top: 50px !important;}&#8221;]<\/p>\n<h4><b><span data-contrast=\"auto\">La\u00a0<\/span><\/b><b><span data-contrast=\"auto\">Llotja<\/span><\/b><span data-ccp-props=\"{&quot;335551550&quot;:2,&quot;335551620&quot;:2,&quot;335559738&quot;:240,&quot;335559740&quot;:360}\">\u00a0<\/span><\/h4>\n<p><strong>Divendres 7 de maig.\u00a0<\/strong><\/p>\n<p><strong>Concert:<\/strong><span data-contrast=\"auto\">\u00a0<\/span><span data-contrast=\"auto\">Micky<\/span><span data-contrast=\"auto\">\u00a0y\u00a0<\/span><span data-contrast=\"auto\">L<\/span><span data-contrast=\"auto\">os\u00a0<\/span><span data-contrast=\"auto\">C<\/span><span data-contrast=\"auto\">olosos, cicle de m\u00fasica \u201c\u00c1ngel\u00a0<\/span><span data-contrast=\"auto\">Alfosea<\/span><span data-contrast=\"auto\">\u201d.<\/span><span data-ccp-props=\"{&quot;335559738&quot;:240,&quot;335559740&quot;:360}\">\u00a0<\/span><\/p>\n<p><strong>Entrades<\/strong><span data-contrast=\"auto\"><strong>:<\/strong> En la taquilla del Gran Teatre<\/span><span data-contrast=\"auto\">,\u00a0<\/span><span data-contrast=\"auto\">en\u00a0<\/span><span data-contrast=\"auto\">Instanticket<\/span><span data-contrast=\"auto\"> i en la taquilla de la\u00a0<\/span><span data-contrast=\"auto\">Llotja<\/span><span data-contrast=\"auto\"> una hora abans de l&#8217;espectacle.<\/span><\/p>\n<p><strong>Horari<\/strong><span data-contrast=\"auto\"><strong>:<\/strong> 19.00 hores.<\/span><\/p>\n<p><strong>Informaci\u00f3:<\/strong><span data-contrast=\"auto\">\u00a0<\/span><span data-contrast=\"auto\">Micky<\/span><span data-contrast=\"auto\">, pioner de el Rock\u00b4N\u00b4Roll al nostre pa\u00eds, juntament amb els m\u00edtics Tonys, ha gravat dos LP amb excel\u00b7lents \u00e8xits en els estudis vintage Circo Perrotti de Jorge Explosi\u00f3n.<\/span>[\/vc_column_text][\/vc_column][\/vc_row][vc_row][vc_column][vc_single_image image=&#8221;144891&#8243; img_size=&#8221;medium&#8221; alignment=&#8221;center&#8221; onclick=&#8221;link_image&#8221; css=&#8221;.vc_custom_1620120786653{margin-top: 25px !important;}&#8221;][\/vc_column][\/vc_row][vc_row][vc_column][vc_column_text css=&#8221;.vc_custom_1620120829617{margin-top: 25px !important;}&#8221;]<strong>Dissabte 8 i diumenge 9 de maig.\u00a0<\/strong><\/p>\n<p><strong>Formaci\u00f3:<\/strong><span data-contrast=\"auto\">\u00a0<\/span><span data-contrast=\"auto\">Escola<\/span><span data-contrast=\"auto\">\u00a0<\/span><span data-contrast=\"auto\">d\u2019actors<\/span><span data-contrast=\"auto\">,\u00a0<\/span><span data-contrast=\"auto\">Conchi<\/span><span data-contrast=\"auto\">\u00a0<\/span><span data-contrast=\"auto\">I<\/span><span data-contrast=\"auto\">glesias<\/span><span data-contrast=\"auto\">.<\/span><span data-ccp-props=\"{&quot;335559738&quot;:240,&quot;335559740&quot;:360}\">\u00a0<\/span><\/p>\n<p><strong>Entrades<\/strong><span data-contrast=\"auto\"><strong>:<\/strong>\u00a0<\/span><span data-contrast=\"auto\">www.actoresmadrid.com\/escueladeactoreselche\/<\/span><span data-ccp-props=\"{&quot;335559738&quot;:240,&quot;335559740&quot;:360}\">\u00a0<\/span><\/p>\n<p><strong>Horari:<\/strong><span data-contrast=\"auto\">\u00a0<\/span><span data-contrast=\"auto\">De 10.00 a<\/span><span data-contrast=\"auto\">\u00a0<\/span><span data-contrast=\"auto\">20.<\/span><span data-contrast=\"auto\">00 hores.<\/span><\/p>\n<p><strong>Informaci\u00f3:<\/strong><span data-contrast=\"auto\"> A l&#8217;Escola d&#8217;Actors d&#8217;Elx oferim la possibilitat de cursos d&#8217;interpretaci\u00f3, aix\u00ed com altres cursos m\u00e9s espec\u00edfics per a completar la formaci\u00f3 d&#8217;actors i d&#8217;actrius tant novelles com experimentats.\u00a0<\/span>[\/vc_column_text][vc_single_image image=&#8221;144896&#8243; img_size=&#8221;medium&#8221; alignment=&#8221;center&#8221; onclick=&#8221;link_image&#8221; css=&#8221;.vc_custom_1620120965133{margin-top: 25px !important;}&#8221;][\/vc_column][\/vc_row][vc_row][vc_column][vc_column_text css=&#8221;.vc_custom_1620120887456{margin-top: 50px !important;}&#8221;]<\/p>\n<h4><b><span data-contrast=\"auto\">La\u00a0<\/span><\/b><b><span data-contrast=\"auto\">Rotonda<\/span><\/b><span data-ccp-props=\"{&quot;335551550&quot;:2,&quot;335551620&quot;:2,&quot;335559738&quot;:240,&quot;335559740&quot;:360}\">\u00a0<\/span><\/h4>\n<p><strong>Diumenge 9 de maig.\u00a0<\/strong><\/p>\n<p><strong>Concert:<\/strong><span data-contrast=\"auto\"> El Rock&amp;Roll tamb\u00e9 \u00e9s cosa de xiquets\u2026 i de pares!\u00a0Rochi\u00a0Productions<\/span><span data-contrast=\"auto\">.<\/span><span data-ccp-props=\"{&quot;335559738&quot;:240,&quot;335559740&quot;:360}\">\u00a0<\/span><\/p>\n<p><strong>Entrades<\/strong><span data-contrast=\"auto\"><strong>:<\/strong> Gratu\u00efta, recollir entrada en la taquilla del Gran Teatre.<\/span><\/p>\n<p><strong>Horari<\/strong><span data-contrast=\"auto\"><strong>:<\/strong> 12.00 hores.<\/span><\/p>\n<p><strong>Informaci\u00f3:<\/strong><span data-contrast=\"auto\"> Un xou did\u00e0ctic en el qual s&#8217;explica a xiquets i a pares el naixement, l&#8217;origen, i posterior evoluci\u00f3 i expansi\u00f3 del moviment musical m\u00e9s explosiu de la hist\u00f2ria. En format semiac\u00fastic una combinaci\u00f3 formada per contrabaix, guitarra i semibateria (a vegades acompanyats per un pianista). Un xou musical am\u00e9 i entretingut al 100% en el qual tant els xiquets com els majors interactuen, ixen a l&#8217;escenari a ballar, i a vegades fins a cantar. Una forma diferent d&#8217;aprendre com va n\u00e0ixer la m\u00fasica que va canviar el planeta.<\/span>[\/vc_column_text][\/vc_column][\/vc_row][vc_row][vc_column][vc_separator][\/vc_column][\/vc_row]<\/p>\n<\/div>","protected":false},"excerpt":{"rendered":"<p>[vc_row][vc_column][vc_column_text css=&#8221;.vc_custom_1620121013189{margin-bottom: 25px !important;}&#8221;] &#8211; L&#8217;adaptaci\u00f3 del llibre de Raymond Carver arriba de la m\u00e0 d&#8217;Andr\u00e9s Lima amb M\u00f3nica Regueiro, Daniel P\u00e9rez Prada i Vicky Luengo\u00a0\u00a0 [\/vc_column_text][vc_column_text css=&#8221;.vc_custom_1620121042891{margin-bottom: 25px !important;}&#8221;][&hellip;]<\/p>\n","protected":false},"author":15,"featured_media":144869,"comment_status":"closed","ping_status":"closed","sticky":false,"template":"","format":"standard","meta":{"footnotes":""},"categories":[572,193,391,1312,1341],"tags":[],"class_list":["post-144936","post","type-post","status-publish","format-standard","has-post-thumbnail","hentry","category-comunicacio","category-cultura-va","category-home-va","category-noticias-va","category-ocio-y-cultura-va"],"_links":{"self":[{"href":"https:\/\/www.elche.es\/va\/wp-json\/wp\/v2\/posts\/144936","targetHints":{"allow":["GET"]}}],"collection":[{"href":"https:\/\/www.elche.es\/va\/wp-json\/wp\/v2\/posts"}],"about":[{"href":"https:\/\/www.elche.es\/va\/wp-json\/wp\/v2\/types\/post"}],"author":[{"embeddable":true,"href":"https:\/\/www.elche.es\/va\/wp-json\/wp\/v2\/users\/15"}],"replies":[{"embeddable":true,"href":"https:\/\/www.elche.es\/va\/wp-json\/wp\/v2\/comments?post=144936"}],"version-history":[{"count":0,"href":"https:\/\/www.elche.es\/va\/wp-json\/wp\/v2\/posts\/144936\/revisions"}],"wp:featuredmedia":[{"embeddable":true,"href":"https:\/\/www.elche.es\/va\/wp-json\/wp\/v2\/media\/144869"}],"wp:attachment":[{"href":"https:\/\/www.elche.es\/va\/wp-json\/wp\/v2\/media?parent=144936"}],"wp:term":[{"taxonomy":"category","embeddable":true,"href":"https:\/\/www.elche.es\/va\/wp-json\/wp\/v2\/categories?post=144936"},{"taxonomy":"post_tag","embeddable":true,"href":"https:\/\/www.elche.es\/va\/wp-json\/wp\/v2\/tags?post=144936"}],"curies":[{"name":"wp","href":"https:\/\/api.w.org\/{rel}","templated":true}]}}