{"id":144971,"date":"2021-05-04T12:44:39","date_gmt":"2021-05-04T11:44:39","guid":{"rendered":"https:\/\/www.elche.es\/2021\/05\/drets-socials-i-lassociacio-benefica-conscienciat-presenten-un-nou-vehicle-per-a-reforcar-el-dispositiu-demergencia-alimentaria\/"},"modified":"2021-05-04T12:54:33","modified_gmt":"2021-05-04T11:54:33","slug":"drets-socials-i-lassociacio-benefica-conscienciat-presenten-un-nou-vehicle-per-a-reforcar-el-dispositiu-demergencia-alimentaria","status":"publish","type":"post","link":"https:\/\/www.elche.es\/va\/2021\/05\/drets-socials-i-lassociacio-benefica-conscienciat-presenten-un-nou-vehicle-per-a-reforcar-el-dispositiu-demergencia-alimentaria\/","title":{"rendered":"Drets Socials i l&#8217;associaci\u00f3 ben\u00e8fica Consciencia&#8217;t presenten un nou vehicle per a refor\u00e7ar el dispositiu d&#8217;emerg\u00e8ncia aliment\u00e0ria"},"content":{"rendered":"<div class=\"wpb-content-wrapper\"><p>[vc_row el_id=&#8221;SUBTITULAR_NOTICIA&#8221;][vc_column][vc_column_text]<\/p>\n<hr \/>\n<h4>El regidor de l&#8217;\u00e0rea, Mariano Valera, agraeix a l&#8217;entitat el seu treball en favor dels col\u00b7lectius vulnerables de la ciutat<\/h4>\n<hr \/>\n<p>[\/vc_column_text][\/vc_column][\/vc_row][vc_row el_id=&#8221;TEXTO_NOTICIA&#8221;][vc_column][vc_column_text]<strong>Aquest mat\u00ed s&#8217;ha presentat a l&#8217;Ajuntament el nou vehicle adquirit per l&#8217;associaci\u00f3 ben\u00e8fica Consciencia&#8217;t<\/strong> \u2014gr\u00e0cies als donatius i a les col\u00b7laboracions de diverses empreses i organitzacions del municipi\u2014 per al dispositiu d&#8217;emerg\u00e8ncia aliment\u00e0ria empr\u00e9s per l&#8217;entitat i el Govern local. <strong>A l&#8217;acte han assistit el regidor de Drets Socials i Pol\u00edtiques Inclusives, Mariano Valera; el de Promoci\u00f3 Econ\u00f2mica i Ocupaci\u00f3, Carles Molina; el president i la secret\u00e0ria de Consciencia&#8217;t, Gorka Chazarra i Elena Rodr\u00edguez; aix\u00ed com representants de les diverses firmes i entitats que han contribu\u00eft a la compra de la furgoneta.<\/strong><\/p>\n<p><strong>Valera, que ha lloat la sinergia entre Consciencia&#8217;t i la Regidoria que dirigeix, ha expressat la seua gratitud als voluntaris de Consciencia&#8217;t<\/strong> \u2014al llarg d&#8217;aquest any m\u00e9s d&#8217;un centenar han participat en el dispositiu d&#8217;emerg\u00e8ncia aliment\u00e0ria, que recullen aliments en els supermercats o que preparen i entregen els lots\u2014, igual que a les nombroses empreses i entitats que han col\u00b7laborat en l&#8217;adquisici\u00f3 del vehicle o que han realitzat donacions de menjar. <strong>\u201cGr\u00e0cies per la vostra disposici\u00f3 total i treball per la ciutadania il\u00b7licitana, especialment per aquella que m\u00e9s pateix com s\u00f3n els col\u00b7lectius vulnerables de la nostra ciutat\u201d<\/strong>. \u201cI, a m\u00e9s\u201d, ha continuat el regidor, \u201cagrair als agents econ\u00f2mics i socials que han participat en aquesta iniciativa i que s&#8217;han bolcat durant aquesta pand\u00e8mia per a generar els recursos necessaris. Per aix\u00f2, gr\u00e0cies per la vostra solidaritat\u201d.<\/p>\n<p>[\/vc_column_text][vc_gallery interval=&#8221;3&#8243; images=&#8221;144917,144919,144921,144923,144925,144927,144929,144931,144933&#8243; img_size=&#8221;full&#8221; css=&#8221;.vc_custom_1620126307419{margin-top: 25px !important;margin-bottom: 25px !important;}&#8221;][vc_column_text]Chazarra, per la seua part, ha detallat que <strong>el nou vehicle es destinar\u00e0 a continuar portant aliments i productes d&#8217;higiene b\u00e0sica a les fam\u00edlies en situaci\u00f3 d&#8217;emerg\u00e8ncia<\/strong> que els Serveis Socials de l&#8217;Ajuntament deriven a Consciencia&#8217;t: \u201cDes de la posada en marxa del dispositiu d&#8217;emerg\u00e8ncia el mes de novembre passat, hem at\u00e9s ja a m\u00e9s de 550 fam\u00edlies\u201d. Valera ha explicat que, igualment, permetr\u00e0 enfortir el dispositiu nocturn d&#8217;ajuda a les persones sense llar, \u201cuna tasca en la qual Consciencia&#8217;t tamb\u00e9 est\u00e0 compromesa\u201d. En concret, segons Chazarra, \u201cdiverses nits a la setmana, voluntaris de Consciencia&#8217;t porten sopar calent i acompanyen les persones que viuen al carrer\u201d, una activitat que l&#8217;associaci\u00f3 va iniciar fa setmanes en col\u00b7laboraci\u00f3 amb Alacant Gastron\u00f2mica.<\/p>\n<hr \/>\n<p>[\/vc_column_text][\/vc_column][\/vc_row][vc_row][vc_column width=&#8221;1\/2&#8243;]<audio class=\"sc_audio\" src=\"https:\/\/soundcloud.com\/ayuntamiento-de-elche\/edil-mariano-valera\" width=\"\" height=\"\"><\/audio>[\/vc_column][vc_column width=&#8221;1\/2&#8243;]<audio class=\"sc_audio\" src=\"https:\/\/soundcloud.com\/ayuntamiento-de-elche\/gorka-chazarra\" width=\"\" height=\"\"><\/audio>[\/vc_column][\/vc_row]<\/p>\n<\/div>","protected":false},"excerpt":{"rendered":"<p>[vc_row el_id=&#8221;SUBTITULAR_NOTICIA&#8221;][vc_column][vc_column_text] El regidor de l&#8217;\u00e0rea, Mariano Valera, agraeix a l&#8217;entitat el seu treball en favor dels col\u00b7lectius vulnerables de la ciutat [\/vc_column_text][\/vc_column][\/vc_row][vc_row el_id=&#8221;TEXTO_NOTICIA&#8221;][vc_column][vc_column_text]Aquest mat\u00ed s&#8217;ha presentat a l&#8217;Ajuntament el [&hellip;]<\/p>\n","protected":false},"author":15,"featured_media":144914,"comment_status":"closed","ping_status":"closed","sticky":false,"template":"","format":"standard","meta":{"footnotes":""},"categories":[190,209,391,1312,183],"tags":[],"class_list":["post-144971","post","type-post","status-publish","format-standard","has-post-thumbnail","hentry","category-drets-socials","category-igualtat-va","category-home-va","category-noticias-va","category-pomocio-economica"],"_links":{"self":[{"href":"https:\/\/www.elche.es\/va\/wp-json\/wp\/v2\/posts\/144971","targetHints":{"allow":["GET"]}}],"collection":[{"href":"https:\/\/www.elche.es\/va\/wp-json\/wp\/v2\/posts"}],"about":[{"href":"https:\/\/www.elche.es\/va\/wp-json\/wp\/v2\/types\/post"}],"author":[{"embeddable":true,"href":"https:\/\/www.elche.es\/va\/wp-json\/wp\/v2\/users\/15"}],"replies":[{"embeddable":true,"href":"https:\/\/www.elche.es\/va\/wp-json\/wp\/v2\/comments?post=144971"}],"version-history":[{"count":0,"href":"https:\/\/www.elche.es\/va\/wp-json\/wp\/v2\/posts\/144971\/revisions"}],"wp:featuredmedia":[{"embeddable":true,"href":"https:\/\/www.elche.es\/va\/wp-json\/wp\/v2\/media\/144914"}],"wp:attachment":[{"href":"https:\/\/www.elche.es\/va\/wp-json\/wp\/v2\/media?parent=144971"}],"wp:term":[{"taxonomy":"category","embeddable":true,"href":"https:\/\/www.elche.es\/va\/wp-json\/wp\/v2\/categories?post=144971"},{"taxonomy":"post_tag","embeddable":true,"href":"https:\/\/www.elche.es\/va\/wp-json\/wp\/v2\/tags?post=144971"}],"curies":[{"name":"wp","href":"https:\/\/api.w.org\/{rel}","templated":true}]}}