{"id":145022,"date":"2021-05-04T18:15:57","date_gmt":"2021-05-04T17:15:57","guid":{"rendered":"https:\/\/www.elche.es\/2021\/05\/lalcalde-destaca-que-la-nova-ambulancia-de-suport-vital-avancat-situada-a-laltet-millora-latencio-sanitaria-de-les-pedanies\/"},"modified":"2021-05-05T08:27:26","modified_gmt":"2021-05-05T07:27:26","slug":"lalcalde-destaca-que-la-nova-ambulancia-de-suport-vital-avancat-situada-a-laltet-millora-latencio-sanitaria-de-les-pedanies","status":"publish","type":"post","link":"https:\/\/www.elche.es\/va\/2021\/05\/lalcalde-destaca-que-la-nova-ambulancia-de-suport-vital-avancat-situada-a-laltet-millora-latencio-sanitaria-de-les-pedanies\/","title":{"rendered":"L&#8217;alcalde destaca que la nova ambul\u00e0ncia de suport vital avan\u00e7at situada a l&#8217;Altet millora l&#8217;atenci\u00f3 sanit\u00e0ria de les pedanies"},"content":{"rendered":"<div class=\"wpb-content-wrapper\"><p>[vc_row el_id=&#8221;SUBTITULAR_NOTICIA&#8221;][vc_column][vc_column_text]<\/p>\n<hr \/>\n<h4>L&#8217;alcalde il\u00b7licit\u00e0 comprova juntament amb la regidora de Sanitat, Mariola Galiana; el regidor de Pedanies, Vicente Alberola; els alcaldes pedanis de l&#8217;Altet, Jos\u00e9 Manuel Meseguer; i dels Arenals del Sol, Antonio Garz\u00f3n; el gerent de l&#8217;Hospital General Universitari, Carlos Gos\u00e1lbez; i la directora del Servei d&#8217;Emerg\u00e8ncia Sanit\u00e0ria de la Generalitat, Bego\u00f1a Arcos; el funcionament d&#8217;aquest servei<\/h4>\n<hr \/>\n<p>[\/vc_column_text][\/vc_column][\/vc_row][vc_row el_id=&#8221;TEXTO_NOTICIA&#8221;][vc_column][vc_column_text]<strong>L&#8217;alcalde d&#8217;Elx, Carlos Gonz\u00e1lez, ha mostrat la seua satisfacci\u00f3 amb la posada en marxa de la nova ambul\u00e0ncia de suport vital avan\u00e7at que des de gener es va incorporar a l&#8217;Altet.<\/strong> \u201cUn servei absolutament essencial, impulsat per l&#8217;Equip de Govern, que millora l&#8217;atenci\u00f3 sanit\u00e0ria en aquesta pedania on habiten m\u00e9s de 5.000 ve\u00efns i ve\u00efnes\u201d, ha destacat l&#8217;alcalde il\u00b7licit\u00e0, que ha assistit aquest mat\u00ed juntament amb la regidora de Sanitat, Mariola Galiana; el regidor de Pedanies, Vicente Alberola; i els alcaldes pedanis de l&#8217;Altet, Jos\u00e9 Manuel Meseguer; i dels Arenals del Sol, Antonio Garz\u00f3n; al centre social de l&#8217;Altet on est\u00e0 situada aquesta ambul\u00e0ncia. Tamb\u00e9 ha acudit el gerent de l&#8217;Hospital General Universitari, Carlos Gos\u00e1lbez; la directora del Servei d&#8217;Emerg\u00e8ncia Sanit\u00e0ria de la Generalitat, Bego\u00f1a Arcos; i personal sanitari.[\/vc_column_text][\/vc_column][\/vc_row][vc_row el_id=&#8221;DESTACADO_NOTICIA&#8221;][vc_column][vc_column_text el_class=&#8221;cuadronoticia&#8221;]<\/p>\n<h5>Carlos Gonz\u00e1lez destaca que el consistori va cedir el local de 120 metres quadrats per a la posada en marxa d&#8217;aquesta iniciativa i assenyala que s&#8217;han destinat al voltant de 20.000 euros per a dur a terme la seua adequaci\u00f3<\/h5>\n<p>[\/vc_column_text][vc_column_text]Gonz\u00e1lez ha recordat que <strong>l&#8217;Ajuntament va cedir el centre social per a possibilitar l&#8217;operativitat d&#8217;aquesta iniciativa<\/strong> i ha assenyalat que en coordinaci\u00f3 amb la Generalitat Valenciana <strong>s&#8217;han destinat al voltant de 20.000 euros per a dur a terme l&#8217;adequaci\u00f3 d&#8217;aquest espai de 120 metres quadrats<\/strong>. A m\u00e9s, l&#8217;alcalde il\u00b7licit\u00e0 ha plantejat que aquesta ambul\u00e0ncia preste serveis 24 hores i que el Punt d&#8217;Atenci\u00f3 Continuada es convertisca en unes urg\u00e8ncies extrahospital\u00e0ries.<\/p>\n<p>D&#8217;altra banda, el responsable de l&#8217;Equip de Govern ha destacat el conjunt d&#8217;actuacions importants, emmarcades en el <strong>Pla de Pedanies amb un import de m\u00e9s de set milions d&#8217;euros<\/strong>, que s&#8217;han desenvolupat a l&#8217;Altet dirigides a millorar els seus serveis p\u00fablics, sanitaris, educatius i socials com l&#8217;<strong>ampliaci\u00f3 del col\u00b7legi p\u00fablic Rodolfo Tom\u00e1s Samper, el nou centre sociocultural en les antigues escoles de l&#8217;Altet o la modernitzaci\u00f3 de l&#8217;espai p\u00fablic amb la millora de voreres i asfaltat<\/strong>. De la mateixa manera, l&#8217;Ajuntament est\u00e0 treballant amb la Direcci\u00f3 General de Costes en la instal\u00b7laci\u00f3 d&#8217;una nova passarel\u00b7la per a millorar l&#8217;accessibilitat i afavorir la protecci\u00f3 del cord\u00f3 dunar.[\/vc_column_text][vc_gallery interval=&#8221;3&#8243; images=&#8221;144981,144983,144985,144989,144991,144987&#8243; img_size=&#8221;full&#8221; css=&#8221;.vc_custom_1620129566487{margin-top: 25px !important;margin-bottom: 25px !important;}&#8221;][\/vc_column][\/vc_row][vc_row el_id=&#8221;TEXTO_FIN_NOTICIA&#8221;][vc_column][vc_column_text]<strong>A m\u00e9s, l&#8217;alcalde ha recordat que la pedania comptar\u00e0 tamb\u00e9 amb el refor\u00e7 del nou servei p\u00fablic de la neteja que tindr\u00e0 un fort impacte a les platges i a l&#8217;\u00e0mbit de l&#8217;espai p\u00fablic.<\/strong> En definitiva, Gonz\u00e1lez ha indicat que \u201caquest pla representa el comprom\u00eds municipal amb una de les pedanies m\u00e9s importants i din\u00e0miques del nostre terme municipal que posseeix un indubtable atractiu tur\u00edstic, cosa que ens exigeix un esfor\u00e7 considerable en atenci\u00f3 als serveis p\u00fablics que ac\u00ed es presten\u201d.<\/p>\n<p><strong>Per la seua part, la directora del Servei d&#8217;Emerg\u00e8ncia Sanit\u00e0ria de la Generalitat ha agra\u00eft al consistori la cessi\u00f3 de les instal\u00b7lacions per a situar aquest nou recurs.<\/strong> Arcos ha explicat que l&#8217;ambul\u00e0ncia est\u00e0 composta per dos t\u00e8cnics en emerg\u00e8ncies sanit\u00e0ries i personal d&#8217;infermeria i ha detallat que fins al moment s&#8217;han at\u00e9s 320 incidents.<\/p>\n<hr \/>\n<p>[\/vc_column_text][\/vc_column][\/vc_row][vc_row][vc_column width=&#8221;1\/2&#8243;]<audio class=\"sc_audio\" src=\"https:\/\/soundcloud.com\/ayuntamiento-de-elche\/carlos-gonzalez-soporte-vital-avanzado-mp3cutnet\" width=\"\" height=\"\"><\/audio>[\/vc_column][vc_column width=&#8221;1\/2&#8243;]<audio class=\"sc_audio\" src=\"https:\/\/soundcloud.com\/ayuntamiento-de-elche\/begona-arcos-mp3cutnet\" width=\"\" height=\"\"><\/audio>[\/vc_column][\/vc_row]<\/p>\n<\/div>","protected":false},"excerpt":{"rendered":"<p>[vc_row el_id=&#8221;SUBTITULAR_NOTICIA&#8221;][vc_column][vc_column_text] L&#8217;alcalde il\u00b7licit\u00e0 comprova juntament amb la regidora de Sanitat, Mariola Galiana; el regidor de Pedanies, Vicente Alberola; els alcaldes pedanis de l&#8217;Altet, Jos\u00e9 Manuel Meseguer; i dels Arenals [&hellip;]<\/p>\n","protected":false},"author":15,"featured_media":144982,"comment_status":"closed","ping_status":"closed","sticky":false,"template":"","format":"standard","meta":{"footnotes":""},"categories":[391,1312,2235,893],"tags":[],"class_list":["post-145022","post","type-post","status-publish","format-standard","has-post-thumbnail","hentry","category-home-va","category-noticias-va","category-pedania","category-sanidad-va"],"_links":{"self":[{"href":"https:\/\/www.elche.es\/va\/wp-json\/wp\/v2\/posts\/145022","targetHints":{"allow":["GET"]}}],"collection":[{"href":"https:\/\/www.elche.es\/va\/wp-json\/wp\/v2\/posts"}],"about":[{"href":"https:\/\/www.elche.es\/va\/wp-json\/wp\/v2\/types\/post"}],"author":[{"embeddable":true,"href":"https:\/\/www.elche.es\/va\/wp-json\/wp\/v2\/users\/15"}],"replies":[{"embeddable":true,"href":"https:\/\/www.elche.es\/va\/wp-json\/wp\/v2\/comments?post=145022"}],"version-history":[{"count":0,"href":"https:\/\/www.elche.es\/va\/wp-json\/wp\/v2\/posts\/145022\/revisions"}],"wp:featuredmedia":[{"embeddable":true,"href":"https:\/\/www.elche.es\/va\/wp-json\/wp\/v2\/media\/144982"}],"wp:attachment":[{"href":"https:\/\/www.elche.es\/va\/wp-json\/wp\/v2\/media?parent=145022"}],"wp:term":[{"taxonomy":"category","embeddable":true,"href":"https:\/\/www.elche.es\/va\/wp-json\/wp\/v2\/categories?post=145022"},{"taxonomy":"post_tag","embeddable":true,"href":"https:\/\/www.elche.es\/va\/wp-json\/wp\/v2\/tags?post=145022"}],"curies":[{"name":"wp","href":"https:\/\/api.w.org\/{rel}","templated":true}]}}